{"id":4161,"date":"2026-04-27T09:44:18","date_gmt":"2026-04-27T09:44:18","guid":{"rendered":"https:\/\/auditoriya.az\/?p=4161"},"modified":"2026-04-27T09:44:19","modified_gmt":"2026-04-27T09:44:19","slug":"ukrayna-prezident-volodimir-zelenskinin-aprelin-25-d%c9%99-az%c9%99rbaycana-s%c9%99f%c9%99riaz%c9%99rbaycan-ukrayna-dostluq-%c9%99laq%c9%99l%c9%99rinin-inkisafina-novb%c9%99ti-muhum-tohf%c9%99dir","status":"publish","type":"post","link":"https:\/\/auditoriya.az\/?p=4161","title":{"rendered":"Ukrayna Prezident Volodimir Zelenskinin aprelin 25-d\u0259 Az\u0259rbaycana s\u0259f\u0259riAz\u0259rbaycan-Ukrayna dostluq \u0259laq\u0259l\u0259rinin inki\u015faf\u0131na n\u00f6vb\u0259ti m\u00fch\u00fcm t\u00f6hf\u0259dir"},"content":{"rendered":"\n<p>Ukrayna Prezidenti Volodimir Zelenskinin Az\u0259rbaycana s\u0259f\u0259ri haz\u0131rk\u0131 d\u00f6vrd\u0259 x\u00fcsusi diqq\u0259t \u00e7\u0259k\u0259n m\u0259s\u0259l\u0259l\u0259rd\u0259ndir. Bu s\u0259f\u0259r h\u0259m iqtisadi, h\u0259m siyasi, h\u0259rbi s\u0259naye, h\u0259m d\u0259 dig\u0259r sah\u0259l\u0259rd\u0259 \u0259m\u0259kda\u015fl\u0131\u011f\u0131n geni\u015fl\u0259ndirilm\u0259si v\u0259 yeni raz\u0131la\u015fmalar\u0131n \u0259ld\u0259 olunmas\u0131 bax\u0131m\u0131ndan m\u00fch\u00fcm \u0259h\u0259miyy\u0259t da\u015f\u0131y\u0131r. Ukrayna\u2013Az\u0259rbaycan \u0259laq\u0259l\u0259ri siyasi, iqtisadi, enerji v\u0259 humanitar sah\u0259l\u0259rd\u0259 \u00e7ox\u015fax\u0259li \u0259m\u0259kda\u015fl\u0131q \u00fcz\u0259rind\u0259 qurulub. \u00dcmumilikd\u0259 Az\u0259rbaycan t\u0259kc\u0259 Ukrayna il\u0259 deyil, b\u00fct\u00fcn \u00f6lk\u0259l\u0259rl\u0259 \u0259m\u0259kda\u015fl\u0131\u011fa b\u00f6y\u00fck \u00f6n\u0259m verir. Bu yana\u015fma g\u00f6st\u0259rir ki, \u00f6lk\u0259miz yaln\u0131z qon\u015fuluq m\u00fcnasib\u0259tl\u0259rin\u0259 deyil, eyni zamanda, regiondan k\u0259nar d\u00f6vl\u0259tl\u0259rl\u0259 \u0259laq\u0259l\u0259rin inki\u015faf\u0131na da x\u00fcsusi diqq\u0259t ay\u0131r\u0131r. H\u0259l\u0259 sovet hakimiyy\u0259ti ill\u0259rind\u0259 Az\u0259rbaycanla Ukrayna aras\u0131nda m\u00f6hk\u0259m iqtisadi v\u0259 m\u0259d\u0259ni \u0259laq\u0259l\u0259r m\u00f6vcud olub. M\u00fcst\u0259qillik ill\u0259rind\u0259 diplomatik m\u00fcnasib\u0259tl\u0259r 1992-ci ild\u0259 qurulsa da, s\u0131x ikit\u0259r\u0259fli siyasi v\u0259 iqtisadi m\u00fcnasib\u0259tl\u0259r Ulu \u00d6nd\u0259r Heyd\u0259r \u018fliyevin 1993-c\u00fc ild\u0259 Az\u0259rbaycana r\u0259hb\u0259rlik etm\u0259sind\u0259n sonra yaranma\u011fa ba\u015flay\u0131b. 1995-ci ild\u0259n ba\u015flayaraq h\u0259r iki d\u00f6vl\u0259tin Prezidentl\u0259ri qar\u015f\u0131l\u0131ql\u0131 olaraq d\u0259f\u0259l\u0259rl\u0259 r\u0259smi v\u0259 i\u015fg\u00fczar s\u0259f\u0259rl\u0259r edibl\u0259r. Bu s\u0259f\u0259rl\u0259rin h\u0259r biri \u0259laq\u0259l\u0259rin inki\u015faf\u0131na impuls verib, m\u00fcnasib\u0259tl\u0259rin strateji s\u0259viyy\u0259y\u0259 y\u00fcks\u0259lm\u0259sini t\u0259min edib, yeni \u0259m\u0259kda\u015fl\u0131q istiqam\u0259tl\u0259rinin \u0259sas\u0131n\u0131 qoyub.<\/p>\n\n\n\n<p>Bu bax\u0131mdan Ukrayna Prezidenti Volodimir Zelenskinin aprelin 25-d\u0259 respublikam\u0131za s\u0259f\u0259ri iki d\u00f6vl\u0259t aras\u0131ndak\u0131 m\u00fcnt\u0259z\u0259m ali siyasi t\u0259maslar\u0131n davam\u0131d\u0131r. Az\u0259rbaycan v\u0259 Ukrayna Prezidentl\u0259rinin Q\u0259b\u0259l\u0259d\u0259 ke\u00e7irdikl\u0259ri g\u00f6r\u00fc\u015f onlar\u0131n son 4 ild\u0259 sayca 7-ci g\u00f6r\u00fc\u015f\u00fc oldu. Bu, iki d\u00f6vl\u0259t aras\u0131ndak\u0131 ali siyasi t\u0259maslar\u0131n davaml\u0131 xarakter da\u015f\u0131d\u0131\u011f\u0131n\u0131 n\u00fcmayi\u015f etdirm\u0259kl\u0259 yana\u015f\u0131, \u0259laq\u0259l\u0259rin b\u00fct\u00fcn sah\u0259l\u0259rd\u0259 inki\u015faf\u0131na t\u0259kan ver\u0259n ba\u015fl\u0131ca faktordur. Prezident \u0130lham \u018fliyevin m\u0259tbuata b\u0259yanatla \u00e7\u0131x\u0131\u015f\u0131nda qeyd etdiyi kimi, bu t\u0259maslar Ukrayna-Az\u0259rbaycan \u0259laq\u0259l\u0259rini daha y\u00fcks\u0259k s\u0259viyy\u0259y\u0259 qald\u0131r\u0131b. D\u00f6vl\u0259t ba\u015f\u00e7\u0131lar\u0131n\u0131n t\u0259kb\u0259t\u0259k v\u0259 geni\u015f t\u0259rkibd\u0259 g\u00f6r\u00fc\u015f\u00fc zaman\u0131 \u0259vv\u0259lki g\u00f6r\u00fc\u015fl\u0259r m\u0259mnunluqla xat\u0131rland\u0131, Ukrayna Prezidentinin \u00f6lk\u0259miz\u0259 bu s\u0259f\u0259rinin ikit\u0259r\u0259fli \u0259m\u0259kda\u015fl\u0131q m\u0259s\u0259l\u0259l\u0259rinin m\u00fczakir\u0259si \u00fc\u00e7\u00fcn yax\u015f\u0131 imkan yaradaca\u011f\u0131na \u0259minlik bildirildi.<\/p>\n\n\n\n<p>D\u00f6vl\u0259t ba\u015f\u00e7\u0131lar\u0131n\u0131n siyasi t\u0259maslar\u0131 il\u0259 yana\u015f\u0131, iki \u00f6lk\u0259nin m\u00fcnasib\u0259tl\u0259rinin inki\u015faf\u0131na m\u00fch\u00fcm t\u0259sir ed\u0259n amill\u0259rd\u0259n biri d\u0259 strateji t\u0259r\u0259fda\u015fl\u0131\u011fa dair s\u0259n\u0259dl\u0259rin imzalanmas\u0131d\u0131r. M\u0259tbuata b\u0259yanatla \u00e7\u0131x\u0131\u015f\u0131nda Prezident \u0130lham \u018fliyev bunlar\u0131n \u00e7ox g\u00fccl\u00fc siyasi s\u0259n\u0259dl\u0259r oldu\u011funu bildirdi: \u201c\u018fm\u0259kda\u015fl\u0131\u011f\u0131m\u0131z\u0131n \u00e7ox g\u00fccl\u00fc siyasi t\u0259m\u0259li vard\u0131r. 2008-ci ild\u0259 Kiyevd\u0259, 2011-ci ild\u0259 Bak\u0131da strateji t\u0259r\u0259fda\u015fl\u0131\u011fa dair iki s\u0259n\u0259d imzalanm\u0131\u015fd\u0131r v\u0259 bunlar \u00e7ox g\u00fccl\u00fc siyasi s\u0259n\u0259dl\u0259rdir. O s\u0259n\u0259dl\u0259rd\u0259 \u00f6lk\u0259l\u0259rimizin qar\u015f\u0131l\u0131ql\u0131 olaraq \u0259razi b\u00fct\u00f6vl\u00fcy\u00fc, suverenliyi, s\u0259rh\u0259dl\u0259rimizin toxunulmazl\u0131\u011f\u0131 m\u0259s\u0259l\u0259l\u0259ri \u00f6z \u0259ksini tapm\u0131\u015fd\u0131r. Az\u0259rbaycan v\u0259 Ukrayna b\u00fct\u00fcn beyn\u0259lxalq t\u0259\u015fkilatlarda qar\u015f\u0131l\u0131ql\u0131 olaraq \u00f6lk\u0259l\u0259rin suverenliyini, \u0259razi b\u00fct\u00f6vl\u00fcy\u00fcn\u00fc d\u0259st\u0259kl\u0259yir v\u0259 d\u0259st\u0259kl\u0259y\u0259c\u0259kdir\u201d.<\/p>\n\n\n\n<p>Prezidentl\u0259rin Q\u0259b\u0259l\u0259 g\u00f6r\u00fc\u015f\u00fcnd\u0259 Az\u0259rbaycanla Ukrayna aras\u0131nda \u0259laq\u0259l\u0259rin bir \u00e7ox istiqam\u0259td\u0259, o c\u00fcml\u0259d\u0259n enerji sah\u0259sind\u0259 geni\u015fl\u0259ndirilm\u0259sin\u0259 dair fikir m\u00fcbadil\u0259si apar\u0131ld\u0131, k\u0259nd t\u0259s\u0259rr\u00fcfat\u0131 il\u0259 ba\u011fl\u0131 \u0259m\u0259kda\u015fl\u0131q m\u0259s\u0259l\u0259l\u0259ri m\u00fczakir\u0259 olundu. O c\u00fcml\u0259d\u0259n, Prezidentl\u0259rin m\u0259tbuata b\u0259yanatlarla \u00e7\u0131x\u0131\u015flar\u0131nda \u0259laq\u0259l\u0259rin inki\u015faf perspektivl\u0259ri il\u0259 ba\u011fl\u0131 m\u00fch\u00fcm fikirl\u0259r s\u0259sl\u0259ndirildi. M\u0259s\u0259l\u0259n, Prezident \u0130lham \u018fliyevin qeyd etdiyi kimi, iki d\u00f6vl\u0259t aras\u0131nda h\u0259rbi-texniki \u0259m\u0259kda\u015fl\u0131qla ba\u011fl\u0131 \u00e7ox b\u00f6y\u00fck perspektivl\u0259r m\u00f6vcuddur. Haz\u0131rda h\u0259m Az\u0259rbaycanda, h\u0259m d\u0259 Ukraynada h\u0259rbi s\u0259naye kompleksi s\u00fcr\u0259tl\u0259 inki\u015faf edir v\u0259 bu sah\u0259d\u0259 birg\u0259 \u0259m\u0259kda\u015fl\u0131\u011f\u0131n h\u0259yata ke\u00e7irilm\u0259si h\u0259r iki d\u00f6vl\u0259t\u0259 b\u00f6y\u00fck \u00f6l\u00e7\u00fcd\u0259 fayda g\u0259tir\u0259c\u0259k. \u00dcmimiyy\u0259tl\u0259 is\u0259 bu g\u00fcn iki \u00f6lk\u0259 aras\u0131nda ticar\u0259t d\u00f6vriyy\u0259sinin 500 milyon AB\u015e dollar\u0131n\u0131 ke\u00e7m\u0259si \u0259m\u0259kda\u015fl\u0131\u011f\u0131n ard\u0131c\u0131l v\u0259 davaml\u0131 inki\u015faf\u0131ndan x\u0259b\u0259r verir. Qar\u015f\u0131dak\u0131 ill\u0259rd\u0259 is\u0259 ticar\u0259t d\u00f6vriyy\u0259sinin daha da b\u00f6y\u00fcm\u0259si g\u00f6zl\u0259nilir. \u00c7\u00fcnki h\u0259m Az\u0259rbaycan\u0131n, h\u0259m d\u0259 Ukraynan\u0131n bununla ba\u011fl\u0131 potensial\u0131 y\u00fcks\u0259kdir.<\/p>\n\n\n\n<p>Az\u0259rbaycanla Ukrayna aras\u0131nda ali s\u0259viyy\u0259d\u0259 t\u0259\u015f\u0259kk\u00fcl tapm\u0131\u015f f\u0259al siyasi dialoq ikit\u0259r\u0259fli \u0259m\u0259kda\u015fl\u0131\u011f\u0131n inki\u015faf\u0131na t\u0259kan verir v\u0259 m\u00fcnasib\u0259tl\u0259rin m\u0259zmunca z\u0259nginl\u0259\u015fm\u0259sin\u0259 z\u0259min yarad\u0131r. Ali siyasi t\u0259maslarla yana\u015f\u0131, iki d\u00f6vl\u0259tin m\u00fcvafiq qurumlar\u0131 aras\u0131nda da qar\u015f\u0131l\u0131ql\u0131 faydal\u0131 \u0259m\u0259kda\u015fl\u0131\u011f\u0131n daha da inki\u015faf etdirilm\u0259si il\u0259 ba\u011fl\u0131 m\u00fczakir\u0259l\u0259r m\u00fcnt\u0259z\u0259mdir. Bunu \u00f6t\u0259n il Bak\u0131da Az\u0259rbaycan v\u0259 Ukrayna Xarici \u0130\u015fl\u0259r nazirlikl\u0259rinin m\u0259sl\u0259h\u0259tl\u0259\u015fm\u0259l\u0259rinin, habel\u0259, H\u00f6kum\u0259tl\u0259raras\u0131 Komissiyan\u0131n iclas\u0131n\u0131n ke\u00e7irilm\u0259si d\u0259 t\u0259sdiq edir. M\u0259tbuata b\u0259yanatla \u00e7\u0131x\u0131\u015f\u0131nda Prezident \u0130lham \u018fliyev bu t\u0259dbirl\u0259ri x\u00fcsusi qeyd ed\u0259r\u0259k, onlar\u0131n n\u00f6vb\u0259ti d\u00f6vrd\u0259 Ukraynada ke\u00e7irilm\u0259si haqq\u0131nda fikir m\u00fcbadil\u0259sinin apar\u0131ld\u0131\u011f\u0131n\u0131 dedi.<\/p>\n\n\n\n<p>Az\u0259rbaycan m\u00fcst\u0259qil d\u00f6vl\u0259t kimi \u00f6z milli maraqlar\u0131n\u0131 qoruyur v\u0259 h\u0259m ikit\u0259r\u0259fli, h\u0259m d\u0259 \u00e7oxt\u0259r\u0259fli beyn\u0259lxalq m\u00fcnasib\u0259tl\u0259rd\u0259 f\u0259al i\u015ftirak edir. \u00d6lk\u0259 beyn\u0259lxalq s\u0259viyy\u0259d\u0259 tan\u0131nm\u0131\u015f b\u00fct\u00fcn d\u00f6vl\u0259tl\u0259rin \u0259razi b\u00fct\u00f6vl\u00fcy\u00fc v\u0259 suverenliyini d\u0259st\u0259kl\u0259yir, beyn\u0259lxalq h\u00fcququn \u0259sas prinsipl\u0259rin\u0259 sadiqliyini daim n\u00fcmayi\u015f etdirir.<\/p>\n\n\n\n<p><strong>Niyam\u0259ddin \u018fsg\u0259rov<\/strong><strong>,<\/strong><\/p>\n\n\n\n<p><strong>Yeni Az\u0259rbaycan Partiyas\u0131<\/strong><strong> <\/strong><strong>Beyl\u0259qan rayon t\u0259\u015fkilat\u0131n\u0131n s\u0259dr m\u00fcavini<\/strong><\/p>\n","protected":false},"excerpt":{"rendered":"<p>Ukrayna Prezidenti Volodimir Zelenskinin Az\u0259rbaycana s\u0259f\u0259ri haz\u0131rk\u0131 d\u00f6vrd\u0259 x\u00fcsusi diqq\u0259t \u00e7\u0259k\u0259n m\u0259s\u0259l\u0259l\u0259rd\u0259ndir. Bu s\u0259f\u0259r h\u0259m iqtisadi, h\u0259m siyasi, h\u0259rbi s\u0259naye, h\u0259m d\u0259 dig\u0259r sah\u0259l\u0259rd\u0259 \u0259m\u0259kda\u015fl\u0131\u011f\u0131n geni\u015fl\u0259ndirilm\u0259si v\u0259 yeni raz\u0131la\u015fmalar\u0131n \u0259ld\u0259 olunmas\u0131 bax\u0131m\u0131ndan m\u00fch\u00fcm \u0259h\u0259miyy\u0259t da\u015f\u0131y\u0131r. Ukrayna\u2013Az\u0259rbaycan \u0259laq\u0259l\u0259ri siyasi, iqtisadi, enerji v\u0259 humanitar sah\u0259l\u0259rd\u0259 \u00e7ox\u015fax\u0259li \u0259m\u0259kda\u015fl\u0131q \u00fcz\u0259rind\u0259 qurulub. \u00dcmumilikd\u0259 Az\u0259rbaycan t\u0259kc\u0259 Ukrayna il\u0259 deyil, b\u00fct\u00fcn \u00f6lk\u0259l\u0259rl\u0259&#8230;<\/p>\n","protected":false},"author":1,"featured_media":3597,"comment_status":"closed","ping_status":"closed","sticky":false,"template":"","format":"standard","meta":{"footnotes":""},"categories":[23],"tags":[],"class_list":["post-4161","post","type-post","status-publish","format-standard","has-post-thumbnail","hentry","category-gundem"],"yoast_head":"<!-- This site is optimized with the Yoast SEO plugin v21.7 - https:\/\/yoast.com\/wordpress\/plugins\/seo\/ -->\n<title>Ukrayna Prezident Volodimir Zelenskinin aprelin 25-d\u0259 Az\u0259rbaycana s\u0259f\u0259riAz\u0259rbaycan-Ukrayna dostluq \u0259laq\u0259l\u0259rinin inki\u015faf\u0131na n\u00f6vb\u0259ti m\u00fch\u00fcm t\u00f6hf\u0259dir - AUD\u0130TOR\u0130YA.AZ<\/title>\n<meta name=\"robots\" content=\"noindex, follow, max-snippet:-1, max-image-preview:large, max-video-preview:-1\" \/>\n<meta property=\"og:locale\" content=\"az_AZ\" \/>\n<meta property=\"og:type\" content=\"article\" \/>\n<meta property=\"og:title\" content=\"Ukrayna Prezident Volodimir Zelenskinin aprelin 25-d\u0259 Az\u0259rbaycana s\u0259f\u0259riAz\u0259rbaycan-Ukrayna dostluq \u0259laq\u0259l\u0259rinin inki\u015faf\u0131na n\u00f6vb\u0259ti m\u00fch\u00fcm t\u00f6hf\u0259dir - AUD\u0130TOR\u0130YA.AZ\" \/>\n<meta property=\"og:description\" content=\"Ukrayna Prezidenti Volodimir Zelenskinin Az\u0259rbaycana s\u0259f\u0259ri haz\u0131rk\u0131 d\u00f6vrd\u0259 x\u00fcsusi diqq\u0259t \u00e7\u0259k\u0259n m\u0259s\u0259l\u0259l\u0259rd\u0259ndir. Bu s\u0259f\u0259r h\u0259m iqtisadi, h\u0259m siyasi, h\u0259rbi s\u0259naye, h\u0259m d\u0259 dig\u0259r sah\u0259l\u0259rd\u0259 \u0259m\u0259kda\u015fl\u0131\u011f\u0131n geni\u015fl\u0259ndirilm\u0259si v\u0259 yeni raz\u0131la\u015fmalar\u0131n \u0259ld\u0259 olunmas\u0131 bax\u0131m\u0131ndan m\u00fch\u00fcm \u0259h\u0259miyy\u0259t da\u015f\u0131y\u0131r. Ukrayna\u2013Az\u0259rbaycan \u0259laq\u0259l\u0259ri siyasi, iqtisadi, enerji v\u0259 humanitar sah\u0259l\u0259rd\u0259 \u00e7ox\u015fax\u0259li \u0259m\u0259kda\u015fl\u0131q \u00fcz\u0259rind\u0259 qurulub. \u00dcmumilikd\u0259 Az\u0259rbaycan t\u0259kc\u0259 Ukrayna il\u0259 deyil, b\u00fct\u00fcn \u00f6lk\u0259l\u0259rl\u0259...\" \/>\n<meta property=\"og:url\" content=\"https:\/\/auditoriya.az\/?p=4161\" \/>\n<meta property=\"og:site_name\" content=\"AUD\u0130TOR\u0130YA.AZ\" \/>\n<meta property=\"article:published_time\" content=\"2026-04-27T09:44:18+00:00\" \/>\n<meta property=\"article:modified_time\" content=\"2026-04-27T09:44:19+00:00\" \/>\n<meta property=\"og:image\" content=\"https:\/\/auditoriya.az\/wp-content\/uploads\/2025\/12\/Niyam\u0259ddin-Esg\u0259rov.jpg\" \/>\n\t<meta property=\"og:image:width\" content=\"1140\" \/>\n\t<meta property=\"og:image:height\" content=\"570\" \/>\n\t<meta property=\"og:image:type\" content=\"image\/jpeg\" \/>\n<meta name=\"author\" content=\"admin\" \/>\n<meta name=\"twitter:card\" content=\"summary_large_image\" \/>\n<meta name=\"twitter:label1\" content=\"Written by\" \/>\n\t<meta name=\"twitter:data1\" content=\"admin\" \/>\n\t<meta name=\"twitter:label2\" content=\"Est. reading time\" \/>\n\t<meta name=\"twitter:data2\" content=\"4 minutes\" \/>\n<script type=\"application\/ld+json\" class=\"yoast-schema-graph\">{\"@context\":\"https:\/\/schema.org\",\"@graph\":[{\"@type\":\"WebPage\",\"@id\":\"https:\/\/auditoriya.az\/?p=4161\",\"url\":\"https:\/\/auditoriya.az\/?p=4161\",\"name\":\"Ukrayna Prezident Volodimir Zelenskinin aprelin 25-d\u0259 Az\u0259rbaycana s\u0259f\u0259riAz\u0259rbaycan-Ukrayna dostluq \u0259laq\u0259l\u0259rinin inki\u015faf\u0131na n\u00f6vb\u0259ti m\u00fch\u00fcm t\u00f6hf\u0259dir - AUD\u0130TOR\u0130YA.AZ\",\"isPartOf\":{\"@id\":\"https:\/\/auditoriya.az\/#website\"},\"datePublished\":\"2026-04-27T09:44:18+00:00\",\"dateModified\":\"2026-04-27T09:44:19+00:00\",\"author\":{\"@id\":\"https:\/\/auditoriya.az\/#\/schema\/person\/ac4ea1d12bf25b1e864c62335d7e0053\"},\"breadcrumb\":{\"@id\":\"https:\/\/auditoriya.az\/?p=4161#breadcrumb\"},\"inLanguage\":\"az\",\"potentialAction\":[{\"@type\":\"ReadAction\",\"target\":[\"https:\/\/auditoriya.az\/?p=4161\"]}]},{\"@type\":\"BreadcrumbList\",\"@id\":\"https:\/\/auditoriya.az\/?p=4161#breadcrumb\",\"itemListElement\":[{\"@type\":\"ListItem\",\"position\":1,\"name\":\"Home\",\"item\":\"https:\/\/auditoriya.az\/\"},{\"@type\":\"ListItem\",\"position\":2,\"name\":\"Ukrayna Prezident Volodimir Zelenskinin aprelin 25-d\u0259 Az\u0259rbaycana s\u0259f\u0259riAz\u0259rbaycan-Ukrayna dostluq \u0259laq\u0259l\u0259rinin inki\u015faf\u0131na n\u00f6vb\u0259ti m\u00fch\u00fcm t\u00f6hf\u0259dir\"}]},{\"@type\":\"WebSite\",\"@id\":\"https:\/\/auditoriya.az\/#website\",\"url\":\"https:\/\/auditoriya.az\/\",\"name\":\"AUD\u0130TOR\u0130YA.AZ\",\"description\":\"X\u0259b\u0259rl\u0259rin geni\u015f auditoriyas\u0131\",\"potentialAction\":[{\"@type\":\"SearchAction\",\"target\":{\"@type\":\"EntryPoint\",\"urlTemplate\":\"https:\/\/auditoriya.az\/?s={search_term_string}\"},\"query-input\":\"required name=search_term_string\"}],\"inLanguage\":\"az\"},{\"@type\":\"Person\",\"@id\":\"https:\/\/auditoriya.az\/#\/schema\/person\/ac4ea1d12bf25b1e864c62335d7e0053\",\"name\":\"admin\",\"sameAs\":[\"https:\/\/auditoriya.az\"],\"url\":\"https:\/\/auditoriya.az\/?author=1\"}]}<\/script>\n<!-- \/ Yoast SEO plugin. -->","yoast_head_json":{"title":"Ukrayna Prezident Volodimir Zelenskinin aprelin 25-d\u0259 Az\u0259rbaycana s\u0259f\u0259riAz\u0259rbaycan-Ukrayna dostluq \u0259laq\u0259l\u0259rinin inki\u015faf\u0131na n\u00f6vb\u0259ti m\u00fch\u00fcm t\u00f6hf\u0259dir - AUD\u0130TOR\u0130YA.AZ","robots":{"index":"noindex","follow":"follow","max-snippet":"max-snippet:-1","max-image-preview":"max-image-preview:large","max-video-preview":"max-video-preview:-1"},"og_locale":"az_AZ","og_type":"article","og_title":"Ukrayna Prezident Volodimir Zelenskinin aprelin 25-d\u0259 Az\u0259rbaycana s\u0259f\u0259riAz\u0259rbaycan-Ukrayna dostluq \u0259laq\u0259l\u0259rinin inki\u015faf\u0131na n\u00f6vb\u0259ti m\u00fch\u00fcm t\u00f6hf\u0259dir - AUD\u0130TOR\u0130YA.AZ","og_description":"Ukrayna Prezidenti Volodimir Zelenskinin Az\u0259rbaycana s\u0259f\u0259ri haz\u0131rk\u0131 d\u00f6vrd\u0259 x\u00fcsusi diqq\u0259t \u00e7\u0259k\u0259n m\u0259s\u0259l\u0259l\u0259rd\u0259ndir. Bu s\u0259f\u0259r h\u0259m iqtisadi, h\u0259m siyasi, h\u0259rbi s\u0259naye, h\u0259m d\u0259 dig\u0259r sah\u0259l\u0259rd\u0259 \u0259m\u0259kda\u015fl\u0131\u011f\u0131n geni\u015fl\u0259ndirilm\u0259si v\u0259 yeni raz\u0131la\u015fmalar\u0131n \u0259ld\u0259 olunmas\u0131 bax\u0131m\u0131ndan m\u00fch\u00fcm \u0259h\u0259miyy\u0259t da\u015f\u0131y\u0131r. Ukrayna\u2013Az\u0259rbaycan \u0259laq\u0259l\u0259ri siyasi, iqtisadi, enerji v\u0259 humanitar sah\u0259l\u0259rd\u0259 \u00e7ox\u015fax\u0259li \u0259m\u0259kda\u015fl\u0131q \u00fcz\u0259rind\u0259 qurulub. \u00dcmumilikd\u0259 Az\u0259rbaycan t\u0259kc\u0259 Ukrayna il\u0259 deyil, b\u00fct\u00fcn \u00f6lk\u0259l\u0259rl\u0259...","og_url":"https:\/\/auditoriya.az\/?p=4161","og_site_name":"AUD\u0130TOR\u0130YA.AZ","article_published_time":"2026-04-27T09:44:18+00:00","article_modified_time":"2026-04-27T09:44:19+00:00","og_image":[{"width":1140,"height":570,"url":"https:\/\/auditoriya.az\/wp-content\/uploads\/2025\/12\/Niyam\u0259ddin-Esg\u0259rov.jpg","type":"image\/jpeg"}],"author":"admin","twitter_card":"summary_large_image","twitter_misc":{"Written by":"admin","Est. reading time":"4 minutes"},"schema":{"@context":"https:\/\/schema.org","@graph":[{"@type":"WebPage","@id":"https:\/\/auditoriya.az\/?p=4161","url":"https:\/\/auditoriya.az\/?p=4161","name":"Ukrayna Prezident Volodimir Zelenskinin aprelin 25-d\u0259 Az\u0259rbaycana s\u0259f\u0259riAz\u0259rbaycan-Ukrayna dostluq \u0259laq\u0259l\u0259rinin inki\u015faf\u0131na n\u00f6vb\u0259ti m\u00fch\u00fcm t\u00f6hf\u0259dir - AUD\u0130TOR\u0130YA.AZ","isPartOf":{"@id":"https:\/\/auditoriya.az\/#website"},"datePublished":"2026-04-27T09:44:18+00:00","dateModified":"2026-04-27T09:44:19+00:00","author":{"@id":"https:\/\/auditoriya.az\/#\/schema\/person\/ac4ea1d12bf25b1e864c62335d7e0053"},"breadcrumb":{"@id":"https:\/\/auditoriya.az\/?p=4161#breadcrumb"},"inLanguage":"az","potentialAction":[{"@type":"ReadAction","target":["https:\/\/auditoriya.az\/?p=4161"]}]},{"@type":"BreadcrumbList","@id":"https:\/\/auditoriya.az\/?p=4161#breadcrumb","itemListElement":[{"@type":"ListItem","position":1,"name":"Home","item":"https:\/\/auditoriya.az\/"},{"@type":"ListItem","position":2,"name":"Ukrayna Prezident Volodimir Zelenskinin aprelin 25-d\u0259 Az\u0259rbaycana s\u0259f\u0259riAz\u0259rbaycan-Ukrayna dostluq \u0259laq\u0259l\u0259rinin inki\u015faf\u0131na n\u00f6vb\u0259ti m\u00fch\u00fcm t\u00f6hf\u0259dir"}]},{"@type":"WebSite","@id":"https:\/\/auditoriya.az\/#website","url":"https:\/\/auditoriya.az\/","name":"AUD\u0130TOR\u0130YA.AZ","description":"X\u0259b\u0259rl\u0259rin geni\u015f auditoriyas\u0131","potentialAction":[{"@type":"SearchAction","target":{"@type":"EntryPoint","urlTemplate":"https:\/\/auditoriya.az\/?s={search_term_string}"},"query-input":"required name=search_term_string"}],"inLanguage":"az"},{"@type":"Person","@id":"https:\/\/auditoriya.az\/#\/schema\/person\/ac4ea1d12bf25b1e864c62335d7e0053","name":"admin","sameAs":["https:\/\/auditoriya.az"],"url":"https:\/\/auditoriya.az\/?author=1"}]}},"post_mailing_queue_ids":[],"_links":{"self":[{"href":"https:\/\/auditoriya.az\/index.php?rest_route=\/wp\/v2\/posts\/4161","targetHints":{"allow":["GET"]}}],"collection":[{"href":"https:\/\/auditoriya.az\/index.php?rest_route=\/wp\/v2\/posts"}],"about":[{"href":"https:\/\/auditoriya.az\/index.php?rest_route=\/wp\/v2\/types\/post"}],"author":[{"embeddable":true,"href":"https:\/\/auditoriya.az\/index.php?rest_route=\/wp\/v2\/users\/1"}],"replies":[{"embeddable":true,"href":"https:\/\/auditoriya.az\/index.php?rest_route=%2Fwp%2Fv2%2Fcomments&post=4161"}],"version-history":[{"count":1,"href":"https:\/\/auditoriya.az\/index.php?rest_route=\/wp\/v2\/posts\/4161\/revisions"}],"predecessor-version":[{"id":4162,"href":"https:\/\/auditoriya.az\/index.php?rest_route=\/wp\/v2\/posts\/4161\/revisions\/4162"}],"wp:featuredmedia":[{"embeddable":true,"href":"https:\/\/auditoriya.az\/index.php?rest_route=\/wp\/v2\/media\/3597"}],"wp:attachment":[{"href":"https:\/\/auditoriya.az\/index.php?rest_route=%2Fwp%2Fv2%2Fmedia&parent=4161"}],"wp:term":[{"taxonomy":"category","embeddable":true,"href":"https:\/\/auditoriya.az\/index.php?rest_route=%2Fwp%2Fv2%2Fcategories&post=4161"},{"taxonomy":"post_tag","embeddable":true,"href":"https:\/\/auditoriya.az\/index.php?rest_route=%2Fwp%2Fv2%2Ftags&post=4161"}],"curies":[{"name":"wp","href":"https:\/\/api.w.org\/{rel}","templated":true}]}}