{"id":2894,"date":"2025-04-05T06:47:45","date_gmt":"2025-04-05T06:47:45","guid":{"rendered":"https:\/\/auditoriya.az\/?p=2894"},"modified":"2025-04-05T06:47:52","modified_gmt":"2025-04-05T06:47:52","slug":"muqavil%c9%99-huquq-bazasi-3","status":"publish","type":"post","link":"https:\/\/auditoriya.az\/?p=2894","title":{"rendered":"M\u00fcqavil\u0259-h\u00fcquq bazas\u0131"},"content":{"rendered":"\n<p>Az\u0259rbaycan\u0131n Avropada etibarl\u0131 t\u0259r\u0259fda\u015f kimi m\u00fcnasib\u0259tl\u0259rini ild\u0259n-il\u0259 inki\u015faf etdirdiyi \u00f6lk\u0259l\u0259rd\u0259n biri d\u0259 Almaniyad\u0131r. D\u00fcnya iqtisadiyyat\u0131nda v\u0259 siyas\u0259tind\u0259 m\u00fch\u00fcm rol oynayan \u00f6lk\u0259l\u0259rd\u0259n biri kimi Almaniya Federativ Respublikas\u0131 da \u00f6z n\u00f6vb\u0259sind\u0259 Az\u0259rbaycanla b\u00fct\u00fcn sah\u0259l\u0259rd\u0259 \u0259m\u0259kda\u015fl\u0131\u011f\u0131n geni\u015fl\u0259ndirilm\u0259sin\u0259 t\u0259r\u0259fdard\u0131r. H\u0259r iki \u00f6lk\u0259 \u00f6t\u0259n \u0259srin sonlar\u0131ndan ba\u015flayaraq bir s\u0131ra m\u00fch\u00fcm sazi\u015fl\u0259r imzalamaqla \u0259laq\u0259l\u0259rin inki\u015faf\u0131na \u0259h\u0259miyy\u0259tli d\u0259r\u0259c\u0259d\u0259 z\u0259min yarad\u0131b. \u00dcmummilli lider Heyd\u0259r \u018fliyevin Almaniyaya s\u0259f\u0259rl\u0259ri \u00f6lk\u0259l\u0259rimiz aras\u0131nda qar\u015f\u0131l\u0131ql\u0131 siyasi-iqtisadi \u0259laq\u0259l\u0259rin inki\u015faf\u0131na t\u0259kan verib. Prezident \u0130lham \u018fliyevin Avropa \u0130ttifaq\u0131 \u00f6lk\u0259l\u0259ri il\u0259, x\u00fcsusil\u0259 d\u0259 Avropan\u0131n \u0259n inki\u015faf etmi\u015f \u00f6lk\u0259si olan Almaniya il\u0259 qar\u015f\u0131l\u0131ql\u0131 m\u0259kda\u015fl\u0131\u011f\u0131 intensivl\u0259\u015fdirm\u0259si Az\u0259rbaycan-Almaniya m\u00fcnasib\u0259tl\u0259rini daha da z\u0259nginl\u0259\u015fdirib. Son ill\u0259rd\u0259 bu m\u00fcnasib\u0259tl\u0259r siyasi-iqtisadi mahiyy\u0259t k\u0259sb etm\u0259kl\u0259 yana\u015f\u0131 h\u0259m d\u0259 humanitar, sosial, elm, t\u0259hsil, s\u0259hiyy\u0259, idman, turizm, infrastruktur sah\u0259l\u0259rini \u0259hat\u0259 ed\u0259r\u0259k \u00f6lk\u0259l\u0259rimiz aras\u0131nda \u0259m\u0259kda\u015fl\u0131q sferas\u0131n\u0131n daha da geni\u015fl\u0259ndirilm\u0259sini t\u0259min edib.. T\u0259r\u0259fl\u0259r aras\u0131nda s\u0131x t\u0259maslar\u0131n geni\u015fl\u0259nm\u0259si is\u0259 Avropa strukturlar\u0131 \u00e7\u0259r\u00e7iv\u0259sind\u0259 \u0259m\u0259kda\u015fl\u0131\u011f\u0131n miqyas\u0131na da \u00f6z m\u00fcsb\u0259t t\u0259sirini g\u00f6st\u0259rib.Bu g\u00fcnl\u0259rd\u0259 Almaniya Prezidenti Frank-Valter \u015etaynmayerin Az\u0259rbaycana r\u0259smi s\u0259f\u0259ri v\u0259 qar\u015f\u0131l\u0131ql\u0131 \u0259m\u0259kda\u015fl\u0131q perspektivl\u0259ri il\u0259 ba\u011fl\u0131 Prezident \u0130lham \u018fliyevl\u0259 Almaniya prezidenti aras\u0131nda apar\u0131lan m\u00fczakir\u0259l\u0259rin d\u0259 Az\u0259rbaycan \u2013 Avropa \u0259laq\u0259l\u0259rin\u0259 \u0259lav\u0259 stimul ver\u0259c\u0259yi \u015f\u00fcbh\u0259sizdir. R\u0259smi s\u0259f\u0259r \u00e7\u0259r\u00e7iv\u0259sind\u0259 aprelin 2-d\u0259 Az\u0259rbaycan Prezidenti \u0130lham \u018fliyevin Almaniya Prezidenti Frank-Valter \u015etaynmayer il\u0259 t\u0259kb\u0259t\u0259k v\u0259 geni\u015f t\u0259rkibd\u0259 g\u00f6r\u00fc\u015fl\u0259ri ke\u00e7irilib, daha sonra Prezidentl\u0259r m\u0259tbuata b\u0259yanatlarla \u00e7\u0131x\u0131\u015f edib v\u0259 jurnalistl\u0259rin suallar\u0131n\u0131 cavabland\u0131r\u0131blar. \u201c\u0130kit\u0259r\u0259fli m\u00fcnasib\u0259tl\u0259r tarixind\u0259 bu, Almaniya Prezidentinin Az\u0259rbaycana birinci r\u0259smi s\u0259f\u0259ridir v\u0259 \u0259min\u0259m ki, s\u0259f\u0259rin yekunlar\u0131 \u00f6lk\u0259l\u0259rimizi bir-birin\u0259 daha yax\u0131n ed\u0259c\u0259kdir\u201d, \u2013 dey\u0259n d\u00f6vl\u0259t ba\u015f\u00e7\u0131m\u0131z Almaniya Prezidentinin Az\u0259rbaycana bu s\u0259f\u0259rinin \u00e7ox m\u00fcsb\u0259t n\u0259tic\u0259l\u0259rinin olaca\u011f\u0131ndan \u0259minliyini vur\u011fulay\u0131b. \u00d6z n\u00f6vb\u0259sind\u0259 m\u0259tbuata b\u0259yanat\u0131nda Almaniya Prezidenti Frank-Valter \u015etaynmayer bildirib ki, \u201cQaraba\u011f Az\u0259rbaycand\u0131r, bu, r\u0259smi Berlinin birba\u015fa v\u0259 ayd\u0131n m\u00f6vqeyidir\u201d. \u201cBiz h\u0259mi\u015f\u0259 demi\u015fik ki, bu, sizin (Az\u0259rbaycan) \u0259razinizdir v\u0259 bu g\u00fcn Almaniyan\u0131n bu m\u00f6vqeyini t\u0259sdiql\u0259yirik\u201d. Prezident \u0130lham \u018fliyev m\u0259tbuata b\u0259yanat\u0131nda bildirib ki, bu s\u0259f\u0259r \u00f6lk\u0259l\u0259rimiz aras\u0131nda iqtisadi t\u0259r\u0259fda\u015fl\u0131q, t\u0259hsil m\u00fcbadil\u0259si v\u0259 b\u00fct\u00fcn sah\u0259l\u0259rd\u0259 \u0259laq\u0259l\u0259rimiz\u0259 yeni m\u00fcsb\u0259t t\u0259kan ver\u0259c\u0259k. M\u0259tbuata b\u0259yanat\u0131nda d\u00f6vl\u0259timizin ba\u015f\u00e7\u0131s\u0131 bildirib ki, \u201c\u0130qtisadi sah\u0259d\u0259 \u0259ld\u0259 edilmi\u015f n\u0259tic\u0259l\u0259r bizi t\u0259bii olaraq ruhland\u0131r\u0131r. \u00c7\u00fcnki bu ilin yanvar-fevral aylar\u0131nda bizim ticar\u0259t d\u00f6vriyy\u0259miz t\u0259xmin\u0259n \u00fc\u00e7 d\u0259f\u0259 art\u0131b\u201d.Az\u0259rbaycanda yarad\u0131lm\u0131\u015f \u0259lveri\u015fli biznes m\u00fchiti alman \u015firk\u0259tl\u0259rin\u0259 \u00f6lk\u0259mizd\u0259 f\u0259aliyy\u0259tini daha da geni\u015fl\u0259ndirm\u0259k imkan\u0131 verir. Almaniyadan Az\u0259rbaycana \u0259sas\u0259n avtomobill\u0259r, d\u0259mir v\u0259 polad m\u0259mulatlar\u0131, istehsal avadanl\u0131qlar\u0131 g\u0259tirilir. Haz\u0131rda Az\u0259rbaycanda 100-\u0259 yax\u0131n alman m\u00fc\u0259ssis\u0259si x\u00fcsusi f\u0259all\u0131q v\u0259 y\u00fcks\u0259k m\u0259hsuldarl\u0131qla \u00e7al\u0131\u015f\u0131r. Bunlardan \u201cSimens\u201d, \u201cFerrosstal\u201d, \u201c\u0130nterselekt\u201d, \u201cMersedes Bens\u201d kimi iri \u015firk\u0259tl\u0259r Az\u0259rbaycanda u\u011furlu v\u0259 s\u0259m\u0259r\u0259li biznes f\u0259aliyy\u0259ti g\u00f6st\u0259rirl\u0259r. Bu g\u00fcn Az\u0259rbaycan Avropan\u0131n enerji t\u0259minat\u0131nda a\u00e7ar rolunu oynayan d\u00f6vl\u0259tl\u0259rd\u0259n biri kimi q\u0259bul olunmas\u0131, x\u00fcsusil\u0259 son ill\u0259r Avropan\u0131n enerji t\u0259minat\u0131nda Az\u0259rbaycan\u0131n m\u00f6vqeyinin m\u00f6hk\u0259ml\u0259nm\u0259si Almaniya h\u00f6kum\u0259tini respublikam\u0131zla daha d\u0259rin t\u0259m\u0259ll\u0259r\u0259 \u0259saslanan \u0259m\u0259kda\u015fl\u0131\u011fa s\u00f6vq edir. O c\u00fcml\u0259d\u0259n, Almaniya \u00f6z\u00fcn\u00fcn enerji t\u0259hl\u00fck\u0259sizliyinin t\u0259min olunmas\u0131nda Az\u0259rbaycan\u0131n t\u0259\u015f\u0259bb\u00fcskar\u0131 oldu\u011fu enerji mar\u015frutlar\u0131n\u0131n \u0259h\u0259miyy\u0259tini y\u00fcks\u0259k d\u0259y\u0259rl\u0259ndirir v\u0259 \u00f6lk\u0259mizin enerji resurslar\u0131ndan faydalanmaq niyy\u0259tini b\u0259yan edir.Az\u0259rbaycan \u00f6t\u0259n ilin noyabr ay\u0131nda COP29 t\u0259dbirin\u0259 u\u011furla ev sahibliyi ed\u0259r\u0259k qlobal iqlim siyas\u0259tin\u0259 ciddi t\u00f6hf\u0259l\u0259r vermi\u015fdir. Almaniya il\u0259 olan s\u0131x \u0259m\u0259kda\u015fl\u0131q ekoloji m\u0259s\u0259l\u0259l\u0259r\u0259 daha \u00e7ox diqq\u0259t yetirilm\u0259sini t\u0259min edir. Az\u0259rbaycan il\u0259 Almaniya aras\u0131nda siyasi dialoq h\u0259m d\u0259 regional t\u0259hl\u00fck\u0259sizlik v\u0259 beyn\u0259lxalq m\u00fcnasib\u0259tl\u0259r\u0259 d\u0259 t\u0259sir edir. Erm\u0259nistanla Az\u0259rbaycan aras\u0131nda normalla\u015fma prosesi, x\u00fcsusil\u0259 m\u00fcnaqi\u015f\u0259nin ba\u015fa \u00e7atmas\u0131ndan sonra regional s\u00fclh v\u0259 sabitlik \u00fc\u00e7\u00fcn b\u00f6y\u00fck \u0259h\u0259miyy\u0259t k\u0259sb edir. D\u00f6vl\u0259timizin ba\u015f\u00e7\u0131s\u0131, h\u0259m\u00e7inin qeyd etmi\u015fdir ki, Az\u0259rbaycan 30 il \u0259rzind\u0259 erm\u0259ni i\u015f\u011fal\u0131ndan \u0259ziyy\u0259t \u00e7\u0259kmi\u015fdir: \u201cBizim xalq\u0131m\u0131z etnik t\u0259mizl\u0259m\u0259y\u0259 m\u0259ruz qalm\u0131\u015fd\u0131r. Bir milyon az\u0259rbaycanl\u0131 erm\u0259ni aqressiyas\u0131na g\u00f6r\u0259 evsiz-e\u015fiksiz qalm\u0131\u015fd\u0131r v\u0259 torpaqlar\u0131m\u0131z\u0131n t\u0259xmin\u0259n 20 faizi i\u015f\u011fal alt\u0131na d\u00fc\u015fm\u00fc\u015fd\u00fcr. \u018ffsuslar olsun ki, beyn\u0259lxalq t\u0259\u015fkilatlar bu m\u0259s\u0259l\u0259 il\u0259 ba\u011fl\u0131 ciddi add\u0131m atmam\u0131\u015flar. Az\u0259rbaycan bu m\u00fcnaqi\u015f\u0259ni v\u0259 beyn\u0259lxalq h\u00fcququ \u00f6z\u00fc d\u00f6y\u00fc\u015f meydan\u0131nda v\u0259 siyasi m\u00fcst\u0259vid\u0259 h\u0259ll etmi\u015fdir. M\u0259hz bu tarixi Z\u0259f\u0259rimiz s\u00fclh dan\u0131\u015f\u0131qlar\u0131na yol a\u00e7m\u0131\u015fd\u0131r\u201d. Almaniya Federativ Respublikas\u0131n\u0131n Prezidenti Frank-Valter \u015etaynmayerin \u00f6lk\u0259miz\u0259 ilk r\u0259smi s\u0259f\u0259ri d\u00f6vl\u0259tl\u0259r aras\u0131nda t\u0259r\u0259fda\u015fl\u0131\u011f\u0131n h\u0259rt\u0259r\u0259fli v\u0259 y\u00fcks\u0259l\u0259n x\u0259tl\u0259 inki\u015faf\u0131n\u0131n \u0259yani g\u00f6st\u0259ricisidir. \u018fminlikl\u0259 s\u00f6yl\u0259m\u0259k olar ki, bu s\u0259f\u0259r \u0259m\u0259kda\u015fl\u0131\u011f\u0131n daha y\u00fcks\u0259k s\u0259viyy\u0259y\u0259 qald\u0131r\u0131lmas\u0131na \u0259h\u0259miyy\u0259tli t\u0259kan ver\u0259c\u0259k, g\u0259l\u0259c\u0259k inki\u015faf \u00fc\u00e7\u00fcn b\u00f6y\u00fck perspektivl\u0259r a\u00e7acaq.<\/p>\n\n\n\n<p>Niyam\u0259ddin \u018fsg\u0259rov<\/p>\n\n\n\n<p>Yeni Az\u0259rbaycan Partiyas\u0131 Beyl\u0259qan rayon t\u0259\u015fkilat\u0131n\u0131n s\u0259dr m\u00fcavini<\/p>\n","protected":false},"excerpt":{"rendered":"<p>Az\u0259rbaycan\u0131n Avropada etibarl\u0131 t\u0259r\u0259fda\u015f kimi m\u00fcnasib\u0259tl\u0259rini ild\u0259n-il\u0259 inki\u015faf etdirdiyi \u00f6lk\u0259l\u0259rd\u0259n biri d\u0259 Almaniyad\u0131r. D\u00fcnya iqtisadiyyat\u0131nda v\u0259 siyas\u0259tind\u0259 m\u00fch\u00fcm rol oynayan \u00f6lk\u0259l\u0259rd\u0259n biri kimi Almaniya Federativ Respublikas\u0131 da \u00f6z n\u00f6vb\u0259sind\u0259 Az\u0259rbaycanla b\u00fct\u00fcn sah\u0259l\u0259rd\u0259 \u0259m\u0259kda\u015fl\u0131\u011f\u0131n geni\u015fl\u0259ndirilm\u0259sin\u0259 t\u0259r\u0259fdard\u0131r. H\u0259r iki \u00f6lk\u0259 \u00f6t\u0259n \u0259srin sonlar\u0131ndan ba\u015flayaraq bir s\u0131ra m\u00fch\u00fcm sazi\u015fl\u0259r imzalamaqla \u0259laq\u0259l\u0259rin inki\u015faf\u0131na \u0259h\u0259miyy\u0259tli d\u0259r\u0259c\u0259d\u0259 z\u0259min yarad\u0131b. \u00dcmummilli lider&#8230;<\/p>\n","protected":false},"author":1,"featured_media":2895,"comment_status":"closed","ping_status":"closed","sticky":false,"template":"","format":"standard","meta":{"footnotes":""},"categories":[23],"tags":[],"class_list":["post-2894","post","type-post","status-publish","format-standard","has-post-thumbnail","hentry","category-gundem"],"yoast_head":"<!-- This site is optimized with the Yoast SEO plugin v21.7 - https:\/\/yoast.com\/wordpress\/plugins\/seo\/ -->\n<title>M\u00fcqavil\u0259-h\u00fcquq bazas\u0131 - AUD\u0130TOR\u0130YA.AZ<\/title>\n<meta name=\"robots\" content=\"noindex, follow, max-snippet:-1, max-image-preview:large, max-video-preview:-1\" \/>\n<meta property=\"og:locale\" content=\"az_AZ\" \/>\n<meta property=\"og:type\" content=\"article\" \/>\n<meta property=\"og:title\" content=\"M\u00fcqavil\u0259-h\u00fcquq bazas\u0131 - AUD\u0130TOR\u0130YA.AZ\" \/>\n<meta property=\"og:description\" content=\"Az\u0259rbaycan\u0131n Avropada etibarl\u0131 t\u0259r\u0259fda\u015f kimi m\u00fcnasib\u0259tl\u0259rini ild\u0259n-il\u0259 inki\u015faf etdirdiyi \u00f6lk\u0259l\u0259rd\u0259n biri d\u0259 Almaniyad\u0131r. D\u00fcnya iqtisadiyyat\u0131nda v\u0259 siyas\u0259tind\u0259 m\u00fch\u00fcm rol oynayan \u00f6lk\u0259l\u0259rd\u0259n biri kimi Almaniya Federativ Respublikas\u0131 da \u00f6z n\u00f6vb\u0259sind\u0259 Az\u0259rbaycanla b\u00fct\u00fcn sah\u0259l\u0259rd\u0259 \u0259m\u0259kda\u015fl\u0131\u011f\u0131n geni\u015fl\u0259ndirilm\u0259sin\u0259 t\u0259r\u0259fdard\u0131r. H\u0259r iki \u00f6lk\u0259 \u00f6t\u0259n \u0259srin sonlar\u0131ndan ba\u015flayaraq bir s\u0131ra m\u00fch\u00fcm sazi\u015fl\u0259r imzalamaqla \u0259laq\u0259l\u0259rin inki\u015faf\u0131na \u0259h\u0259miyy\u0259tli d\u0259r\u0259c\u0259d\u0259 z\u0259min yarad\u0131b. \u00dcmummilli lider...\" \/>\n<meta property=\"og:url\" content=\"https:\/\/auditoriya.az\/?p=2894\" \/>\n<meta property=\"og:site_name\" content=\"AUD\u0130TOR\u0130YA.AZ\" \/>\n<meta property=\"article:published_time\" content=\"2025-04-05T06:47:45+00:00\" \/>\n<meta property=\"article:modified_time\" content=\"2025-04-05T06:47:52+00:00\" \/>\n<meta property=\"og:image\" content=\"https:\/\/auditoriya.az\/wp-content\/uploads\/2025\/04\/1743584676_8c8cd8d5b1ea5af3c67ba00cf5a1be8a-1.jpg\" \/>\n\t<meta property=\"og:image:width\" content=\"1340\" \/>\n\t<meta property=\"og:image:height\" content=\"825\" \/>\n\t<meta property=\"og:image:type\" content=\"image\/jpeg\" \/>\n<meta name=\"author\" content=\"admin\" \/>\n<meta name=\"twitter:card\" content=\"summary_large_image\" \/>\n<meta name=\"twitter:label1\" content=\"Written by\" \/>\n\t<meta name=\"twitter:data1\" content=\"admin\" \/>\n\t<meta name=\"twitter:label2\" content=\"Est. reading time\" \/>\n\t<meta name=\"twitter:data2\" content=\"4 minutes\" \/>\n<script type=\"application\/ld+json\" class=\"yoast-schema-graph\">{\"@context\":\"https:\/\/schema.org\",\"@graph\":[{\"@type\":\"WebPage\",\"@id\":\"https:\/\/auditoriya.az\/?p=2894\",\"url\":\"https:\/\/auditoriya.az\/?p=2894\",\"name\":\"M\u00fcqavil\u0259-h\u00fcquq bazas\u0131 - AUD\u0130TOR\u0130YA.AZ\",\"isPartOf\":{\"@id\":\"https:\/\/auditoriya.az\/#website\"},\"datePublished\":\"2025-04-05T06:47:45+00:00\",\"dateModified\":\"2025-04-05T06:47:52+00:00\",\"author\":{\"@id\":\"https:\/\/auditoriya.az\/#\/schema\/person\/ac4ea1d12bf25b1e864c62335d7e0053\"},\"breadcrumb\":{\"@id\":\"https:\/\/auditoriya.az\/?p=2894#breadcrumb\"},\"inLanguage\":\"az\",\"potentialAction\":[{\"@type\":\"ReadAction\",\"target\":[\"https:\/\/auditoriya.az\/?p=2894\"]}]},{\"@type\":\"BreadcrumbList\",\"@id\":\"https:\/\/auditoriya.az\/?p=2894#breadcrumb\",\"itemListElement\":[{\"@type\":\"ListItem\",\"position\":1,\"name\":\"Home\",\"item\":\"https:\/\/auditoriya.az\/\"},{\"@type\":\"ListItem\",\"position\":2,\"name\":\"M\u00fcqavil\u0259-h\u00fcquq bazas\u0131\"}]},{\"@type\":\"WebSite\",\"@id\":\"https:\/\/auditoriya.az\/#website\",\"url\":\"https:\/\/auditoriya.az\/\",\"name\":\"AUD\u0130TOR\u0130YA.AZ\",\"description\":\"X\u0259b\u0259rl\u0259rin geni\u015f auditoriyas\u0131\",\"potentialAction\":[{\"@type\":\"SearchAction\",\"target\":{\"@type\":\"EntryPoint\",\"urlTemplate\":\"https:\/\/auditoriya.az\/?s={search_term_string}\"},\"query-input\":\"required name=search_term_string\"}],\"inLanguage\":\"az\"},{\"@type\":\"Person\",\"@id\":\"https:\/\/auditoriya.az\/#\/schema\/person\/ac4ea1d12bf25b1e864c62335d7e0053\",\"name\":\"admin\",\"sameAs\":[\"https:\/\/auditoriya.az\"],\"url\":\"https:\/\/auditoriya.az\/?author=1\"}]}<\/script>\n<!-- \/ Yoast SEO plugin. -->","yoast_head_json":{"title":"M\u00fcqavil\u0259-h\u00fcquq bazas\u0131 - AUD\u0130TOR\u0130YA.AZ","robots":{"index":"noindex","follow":"follow","max-snippet":"max-snippet:-1","max-image-preview":"max-image-preview:large","max-video-preview":"max-video-preview:-1"},"og_locale":"az_AZ","og_type":"article","og_title":"M\u00fcqavil\u0259-h\u00fcquq bazas\u0131 - AUD\u0130TOR\u0130YA.AZ","og_description":"Az\u0259rbaycan\u0131n Avropada etibarl\u0131 t\u0259r\u0259fda\u015f kimi m\u00fcnasib\u0259tl\u0259rini ild\u0259n-il\u0259 inki\u015faf etdirdiyi \u00f6lk\u0259l\u0259rd\u0259n biri d\u0259 Almaniyad\u0131r. D\u00fcnya iqtisadiyyat\u0131nda v\u0259 siyas\u0259tind\u0259 m\u00fch\u00fcm rol oynayan \u00f6lk\u0259l\u0259rd\u0259n biri kimi Almaniya Federativ Respublikas\u0131 da \u00f6z n\u00f6vb\u0259sind\u0259 Az\u0259rbaycanla b\u00fct\u00fcn sah\u0259l\u0259rd\u0259 \u0259m\u0259kda\u015fl\u0131\u011f\u0131n geni\u015fl\u0259ndirilm\u0259sin\u0259 t\u0259r\u0259fdard\u0131r. H\u0259r iki \u00f6lk\u0259 \u00f6t\u0259n \u0259srin sonlar\u0131ndan ba\u015flayaraq bir s\u0131ra m\u00fch\u00fcm sazi\u015fl\u0259r imzalamaqla \u0259laq\u0259l\u0259rin inki\u015faf\u0131na \u0259h\u0259miyy\u0259tli d\u0259r\u0259c\u0259d\u0259 z\u0259min yarad\u0131b. \u00dcmummilli lider...","og_url":"https:\/\/auditoriya.az\/?p=2894","og_site_name":"AUD\u0130TOR\u0130YA.AZ","article_published_time":"2025-04-05T06:47:45+00:00","article_modified_time":"2025-04-05T06:47:52+00:00","og_image":[{"width":1340,"height":825,"url":"https:\/\/auditoriya.az\/wp-content\/uploads\/2025\/04\/1743584676_8c8cd8d5b1ea5af3c67ba00cf5a1be8a-1.jpg","type":"image\/jpeg"}],"author":"admin","twitter_card":"summary_large_image","twitter_misc":{"Written by":"admin","Est. reading time":"4 minutes"},"schema":{"@context":"https:\/\/schema.org","@graph":[{"@type":"WebPage","@id":"https:\/\/auditoriya.az\/?p=2894","url":"https:\/\/auditoriya.az\/?p=2894","name":"M\u00fcqavil\u0259-h\u00fcquq bazas\u0131 - AUD\u0130TOR\u0130YA.AZ","isPartOf":{"@id":"https:\/\/auditoriya.az\/#website"},"datePublished":"2025-04-05T06:47:45+00:00","dateModified":"2025-04-05T06:47:52+00:00","author":{"@id":"https:\/\/auditoriya.az\/#\/schema\/person\/ac4ea1d12bf25b1e864c62335d7e0053"},"breadcrumb":{"@id":"https:\/\/auditoriya.az\/?p=2894#breadcrumb"},"inLanguage":"az","potentialAction":[{"@type":"ReadAction","target":["https:\/\/auditoriya.az\/?p=2894"]}]},{"@type":"BreadcrumbList","@id":"https:\/\/auditoriya.az\/?p=2894#breadcrumb","itemListElement":[{"@type":"ListItem","position":1,"name":"Home","item":"https:\/\/auditoriya.az\/"},{"@type":"ListItem","position":2,"name":"M\u00fcqavil\u0259-h\u00fcquq bazas\u0131"}]},{"@type":"WebSite","@id":"https:\/\/auditoriya.az\/#website","url":"https:\/\/auditoriya.az\/","name":"AUD\u0130TOR\u0130YA.AZ","description":"X\u0259b\u0259rl\u0259rin geni\u015f auditoriyas\u0131","potentialAction":[{"@type":"SearchAction","target":{"@type":"EntryPoint","urlTemplate":"https:\/\/auditoriya.az\/?s={search_term_string}"},"query-input":"required name=search_term_string"}],"inLanguage":"az"},{"@type":"Person","@id":"https:\/\/auditoriya.az\/#\/schema\/person\/ac4ea1d12bf25b1e864c62335d7e0053","name":"admin","sameAs":["https:\/\/auditoriya.az"],"url":"https:\/\/auditoriya.az\/?author=1"}]}},"post_mailing_queue_ids":[],"_links":{"self":[{"href":"https:\/\/auditoriya.az\/index.php?rest_route=\/wp\/v2\/posts\/2894","targetHints":{"allow":["GET"]}}],"collection":[{"href":"https:\/\/auditoriya.az\/index.php?rest_route=\/wp\/v2\/posts"}],"about":[{"href":"https:\/\/auditoriya.az\/index.php?rest_route=\/wp\/v2\/types\/post"}],"author":[{"embeddable":true,"href":"https:\/\/auditoriya.az\/index.php?rest_route=\/wp\/v2\/users\/1"}],"replies":[{"embeddable":true,"href":"https:\/\/auditoriya.az\/index.php?rest_route=%2Fwp%2Fv2%2Fcomments&post=2894"}],"version-history":[{"count":1,"href":"https:\/\/auditoriya.az\/index.php?rest_route=\/wp\/v2\/posts\/2894\/revisions"}],"predecessor-version":[{"id":2896,"href":"https:\/\/auditoriya.az\/index.php?rest_route=\/wp\/v2\/posts\/2894\/revisions\/2896"}],"wp:featuredmedia":[{"embeddable":true,"href":"https:\/\/auditoriya.az\/index.php?rest_route=\/wp\/v2\/media\/2895"}],"wp:attachment":[{"href":"https:\/\/auditoriya.az\/index.php?rest_route=%2Fwp%2Fv2%2Fmedia&parent=2894"}],"wp:term":[{"taxonomy":"category","embeddable":true,"href":"https:\/\/auditoriya.az\/index.php?rest_route=%2Fwp%2Fv2%2Fcategories&post=2894"},{"taxonomy":"post_tag","embeddable":true,"href":"https:\/\/auditoriya.az\/index.php?rest_route=%2Fwp%2Fv2%2Ftags&post=2894"}],"curies":[{"name":"wp","href":"https:\/\/api.w.org\/{rel}","templated":true}]}}