{"id":2877,"date":"2025-03-20T07:26:03","date_gmt":"2025-03-20T07:26:03","guid":{"rendered":"https:\/\/auditoriya.az\/?p=2877"},"modified":"2025-03-20T07:26:11","modified_gmt":"2025-03-20T07:26:11","slug":"h%c9%99qiq%c9%99tl%c9%99ri-ifsa-ed%c9%99n-prinsipial-movqe","status":"publish","type":"post","link":"https:\/\/auditoriya.az\/?p=2877","title":{"rendered":"H\u0259qiq\u0259tl\u0259ri if\u015fa ed\u0259n prinsipial m\u00f6vqe"},"content":{"rendered":"\n<p>Erm\u0259ni mill\u0259t\u00e7il\u0259ri tarixin m\u00fcxt\u0259lif m\u0259rh\u0259l\u0259l\u0259rind\u0259 mifik \u201cb\u00f6y\u00fck Erm\u0259nistan\u201d ideyas\u0131n\u0131 ger\u00e7\u0259kl\u0259\u015fdirm\u0259k m\u0259qs\u0259dil\u0259 Az\u0259rbaycan-t\u00fcrk mill\u0259tin\u0259 qar\u015f\u0131 etnik t\u0259mizl\u0259m\u0259, deportasiya v\u0259 soyq\u0131r\u0131mlar\u0131 h\u0259yata ke\u00e7irmi\u015fl\u0259r. Az\u0259rbaycan xalq\u0131n\u0131n ba\u015f\u0131na g\u0259tiril\u0259n \u0259n d\u0259h\u015f\u0259tli faci\u0259l\u0259rd\u0259n biri d\u0259 1918-ci ilin mart-aprel aylar\u0131nda Bak\u0131 Sovetinin mandat\u0131 alt\u0131nda f\u0259aliyy\u0259t g\u00f6st\u0259r\u0259n da\u015fnak-bol\u015fevik silahl\u0131 d\u0259st\u0259l\u0259ri t\u0259r\u0259find\u0259n x\u00fcsusi q\u0259ddarl\u0131qla t\u00f6r\u0259dilmi\u015f k\u00fctl\u0259vi q\u0131r\u011f\u0131nlard\u0131r. 1918-ci ilin mart soyq\u0131r\u0131mlar\u0131 \u00f6z amans\u0131zl\u0131\u011f\u0131na v\u0259 miqyas\u0131na g\u00f6r\u0259 t\u0259kc\u0259 Az\u0259rbaycan deyil, b\u0259\u015f\u0259r tarixind\u0259 d\u0259 \u0259n qanl\u0131 faci\u0259l\u0259rd\u0259ndir. Q\u0259tliamlar zaman\u0131 erm\u0259nil\u0259r minl\u0259rl\u0259 insan\u0131 q\u0131l\u0131ncdan, s\u00fcng\u00fcd\u0259n ke\u00e7irdil\u0259r, diri-diri yand\u0131rd\u0131lar. Erm\u0259ni da\u015fnaklar\u0131 v\u0259 bol\u015fevikl\u0259r Bak\u0131da, \u015eamax\u0131da, Qubada, Qaraba\u011fda, Z\u0259ng\u0259zurda, Nax\u00e7\u0131vanda, L\u0259nk\u0259randa, G\u0259nc\u0259d\u0259 v\u0259 dig\u0259r b\u00f6lg\u0259l\u0259rd\u0259 az\u0259rbaycanl\u0131 \u0259haliy\u0259 qar\u015f\u0131 a\u011flas\u0131\u011fmaz v\u0259h\u015filikl\u0259r t\u00f6r\u0259d\u0259r\u0259k 70 mind\u0259n \u00e7ox g\u00fcnahs\u0131z insan\u0131 x\u00fcsusi q\u0259ddarl\u0131qla q\u0259tl\u0259 yetirib, k\u0259ndl\u0259ri yand\u0131r\u0131b, sakinl\u0259ri yurd-yuvalar\u0131ndan did\u0259rgin sal\u0131blar. 1918-1920-ci ill\u0259rd\u0259 az\u0259rbaycanl\u0131lara qar\u015f\u0131 h\u0259yata ke\u00e7iril\u0259n soyq\u0131r\u0131m\u0131 n\u0259tic\u0259sind\u0259 indiki Erm\u0259nistan \u0259razisind\u0259, y\u0259ni, Q\u0259rbi Az\u0259rbaycan torpaqlar\u0131nda ya\u015fayan \u0259halinin \u00e7ox b\u00f6y\u00fck hiss\u0259si, t\u0259xmin\u0259n 565 min n\u0259f\u0259ri v\u0259h\u015fic\u0259sin\u0259 \u00f6ld\u00fcr\u00fcl\u00fcb, yaxud \u00f6z d\u0259d\u0259-baba torpaqlar\u0131ndan qovulub. 1918-ci il mart\u0131n 30-dan aprelin 3-d\u0259k Bak\u0131 \u015f\u0259h\u0259rind\u0259, el\u0259c\u0259 d\u0259 Qaraba\u011f, Nax\u00e7\u0131van, \u015eamax\u0131, Quba, Xa\u00e7maz, L\u0259nk\u0259ran, Salyan, Z\u0259ng\u0259zur v\u0259 dig\u0259r \u0259razil\u0259rd\u0259 Bak\u0131 Soveti qo\u015funlar\u0131 v\u0259 da\u015fnak erm\u0259ni silahl\u0131 d\u0259st\u0259l\u0259ri 30 mind\u0259n \u00e7ox az\u0259rbaycanl\u0131n\u0131 q\u0259tl\u0259 yetirmi\u015f, 10 minl\u0259rl\u0259 insan\u0131 \u00f6z torpaqlar\u0131ndan qovmu\u015flar. Erm\u0259nil\u0259rin silahl\u0131 h\u00fccumu n\u0259tic\u0259sind\u0259 1918-ci ilin ilk be\u015f ay\u0131 \u0259rzind\u0259 Quba q\u0259zas\u0131nda 16 mind\u0259n \u00e7ox insan x\u00fcsusi q\u0259ddarl\u0131qla q\u0259tl\u0259 yetirilib, 167 k\u0259nd da\u011f\u0131d\u0131l\u0131b.Az\u0259rbaycan xalq\u0131na qar\u015f\u0131 t\u00f6r\u0259dilmi\u015f b\u00fct\u00fcn soyq\u0131r\u0131m\u0131 faci\u0259l\u0259rini qeyd etm\u0259k m\u0259qs\u0259di il\u0259 1998-ci il mart\u0131n 26-da Ulu \u00d6nd\u0259r Heyd\u0259r \u018fliyev \u201cAz\u0259rbaycanl\u0131lar\u0131n soyq\u0131r\u0131m\u0131 haqq\u0131nda\u201d F\u0259rman imzalam\u0131\u015fd\u0131r. S\u00f6z\u00fcged\u0259n F\u0259rmanla mart\u0131n 31-i \u201cAz\u0259rbaycanl\u0131lar\u0131n Soyq\u0131r\u0131m\u0131 G\u00fcn\u00fc\u201d elan edilmi\u015fdir. H\u0259min F\u0259rman\u0131n icras\u0131n\u0131n ard\u0131c\u0131l v\u0259 m\u00fct\u0259\u015f\u0259kkil \u015f\u0259kild\u0259 h\u0259yata ke\u00e7irilm\u0259si il\u0259 ba\u011fl\u0131 Ulu \u00d6nd\u0259r Heyd\u0259r \u018fliyev 30 mart 1999-cu ild\u0259 t\u0259dbirl\u0259r plan\u0131 t\u0259sdiq etmi\u015fdir. 2007-ci ilin aprelind\u0259 Quba stadionunun t\u0259miri il\u0259 \u0259laq\u0259dar apar\u0131lan qaz\u0131nt\u0131 i\u015fl\u0259ri n\u0259tic\u0259sind\u0259 k\u00fctl\u0259vi m\u0259zarl\u0131q a\u015fkarland\u0131. M\u0259zarl\u0131qdan tap\u0131lan insanlar\u0131n c\u0259s\u0259dl\u0259ri \u00fcz\u0259rind\u0259 tibbi ekspertiza, antropoloji ara\u015fd\u0131rmalar apar\u0131ld\u0131. M\u0259zarl\u0131qda 500-d\u0259k insan k\u0259ll\u0259si vard\u0131. Onlardan 50-d\u0259n \u00e7oxu u\u015faqlara, 100-d\u0259n \u00e7oxu qad\u0131nlara aid idi. Bu adamlar\u0131n 1918-ci ild\u0259 erm\u0259nil\u0259rin Qubada t\u00f6r\u0259tdiyi soyq\u0131r\u0131m\u0131 qurbanlar\u0131 oldu\u011fu s\u00fcbuta yetirildi. Bu h\u0259qiq\u0259tl\u0259rin d\u00fcnya ictimaiyy\u0259tin\u0259 \u00e7atd\u0131r\u0131lmas\u0131, Az\u0259rbaycan xalq\u0131n\u0131n g\u0259l\u0259c\u0259k n\u0259sill\u0259rinin milli yadda\u015f\u0131n\u0131n qorunmas\u0131 v\u0259 soyq\u0131r\u0131m\u0131 qurbanlar\u0131n\u0131n xatir\u0259sinin \u0259b\u0259dil\u0259\u015fdirilm\u0259si m\u0259qs\u0259dil\u0259 Az\u0259rbaycan Respublikas\u0131n\u0131n Prezidenti \u0130lham \u018fliyev 30 dekabr 2009-cu il tarixli S\u0259r\u0259ncam\u0131 il\u0259 Quba \u015f\u0259h\u0259rind\u0259 \u201cSoyq\u0131r\u0131m\u0131 memorial kompleksi\u201cnin yarad\u0131lmas\u0131na q\u0259rar vermi\u015fdir. Memorial kompleks 2012-2013-c\u00fc ill\u0259rd\u0259 Quba \u015f\u0259h\u0259rind\u0259 Qudyal\u00e7ay\u0131n sol sahilind\u0259 in\u015fa edilmi\u015f v\u0259 2013-c\u00fc il sentyabr\u0131n 18-d\u0259 a\u00e7\u0131lm\u0131\u015fd\u0131r. Kompleksin \u00fcmumi sah\u0259si 3,5 hektard\u0131r v\u0259 5 hiss\u0259d\u0259n ibar\u0259tdir.Erm\u0259ni-bol\u015fevik silahl\u0131 d\u0259st\u0259l\u0259rinin az\u0259rbaycanl\u0131lara qar\u015f\u0131 t\u00f6r\u0259tdikl\u0259ri b\u0259\u015f\u0259ri cinay\u0259tl\u0259r bar\u0259d\u0259 h\u0259qiq\u0259tl\u0259rin \u00f6lk\u0259 v\u0259 d\u00fcnya ictimaiyy\u0259tin\u0259 daha dol\u011fun \u00e7atd\u0131r\u0131lmas\u0131 m\u0259qs\u0259dil\u0259 Prezident \u0130lham \u018fliyev 2018-ci il yanvar\u0131n 18-d\u0259 \u201c1918-ci il az\u0259rbaycanl\u0131lar\u0131n soyq\u0131r\u0131m\u0131n\u0131n 100 illiyi haqq\u0131nda\u201d S\u0259r\u0259ncam imzalam\u0131\u015fd\u0131r. S\u0259r\u0259ncamla Az\u0259rbaycan Respublikas\u0131 Prezidentinin Administrasiyas\u0131na 1918-ci il az\u0259rbaycanl\u0131lar\u0131n soyq\u0131r\u0131m\u0131n\u0131n y\u00fcz\u00fcnc\u00fc ild\u00f6n\u00fcm\u00fcn\u0259 h\u0259sr olunmu\u015f t\u0259dbirl\u0259r plan\u0131n\u0131n haz\u0131rlan\u0131b h\u0259yata ke\u00e7irilm\u0259sinin t\u0259min edilm\u0259si tap\u015f\u0131r\u0131lm\u0131\u015f, h\u0259m\u00e7inin Milli M\u0259clis\u0259 soyq\u0131r\u0131m\u0131n 100 illiyi il\u0259 ba\u011fl\u0131 x\u00fcsusi iclas\u0131n ke\u00e7irilm\u0259si t\u00f6vsiy\u0259 edilmi\u015fdir.Az\u0259rbaycan\u0131n tarixi faktlara \u0259saslanan t\u0259bli\u011fat\u0131, diplomatik m\u00fcbariz\u0259d\u0259 q\u0259l\u0259b\u0259si 44 g\u00fcnl\u00fck \u0130kinci Qaraba\u011f m\u00fcharib\u0259sind\u0259 tarixi Z\u0259f\u0259rimizd\u0259 d\u0259 \u00f6z s\u00f6z\u00fcn\u00fc dedi. \u015eanl\u0131 Q\u0259l\u0259b\u0259mizd\u0259n sonra paytaxt Bak\u0131da a\u00e7\u0131q s\u0259ma alt\u0131nda sal\u0131nan H\u0259rbi Q\u0259nim\u0259tl\u0259r Park\u0131, G\u0259nc\u0259d\u0259 yarad\u0131lan Memorial Kompleks, h\u0259m\u00e7inin i\u015f\u011faldan azad edilmi\u015f \u0259razil\u0259rimizd\u0259 dil a\u00e7an h\u0259r bir da\u015f, qaya erm\u0259ni v\u0259h\u015filikl\u0259rin\u0259 v\u0259 onlara kiml\u0259rin havadarl\u0131q etm\u0259sin\u0259  \u015fahidlik edir.<\/p>\n\n\n\n<p>Niyam\u0259ddin \u018fsg\u0259rov<\/p>\n\n\n\n<p>Yeni Az\u0259rbaycan Partiyas\u0131Beyl\u0259qan rayon t\u0259\u015fkilat\u0131n\u0131n s\u0259dr m\u00fcavini.<\/p>\n","protected":false},"excerpt":{"rendered":"<p>Erm\u0259ni mill\u0259t\u00e7il\u0259ri tarixin m\u00fcxt\u0259lif m\u0259rh\u0259l\u0259l\u0259rind\u0259 mifik \u201cb\u00f6y\u00fck Erm\u0259nistan\u201d ideyas\u0131n\u0131 ger\u00e7\u0259kl\u0259\u015fdirm\u0259k m\u0259qs\u0259dil\u0259 Az\u0259rbaycan-t\u00fcrk mill\u0259tin\u0259 qar\u015f\u0131 etnik t\u0259mizl\u0259m\u0259, deportasiya v\u0259 soyq\u0131r\u0131mlar\u0131 h\u0259yata ke\u00e7irmi\u015fl\u0259r. Az\u0259rbaycan xalq\u0131n\u0131n ba\u015f\u0131na g\u0259tiril\u0259n \u0259n d\u0259h\u015f\u0259tli faci\u0259l\u0259rd\u0259n biri d\u0259 1918-ci ilin mart-aprel aylar\u0131nda Bak\u0131 Sovetinin mandat\u0131 alt\u0131nda f\u0259aliyy\u0259t g\u00f6st\u0259r\u0259n da\u015fnak-bol\u015fevik silahl\u0131 d\u0259st\u0259l\u0259ri t\u0259r\u0259find\u0259n x\u00fcsusi q\u0259ddarl\u0131qla t\u00f6r\u0259dilmi\u015f k\u00fctl\u0259vi q\u0131r\u011f\u0131nlard\u0131r. 1918-ci ilin mart soyq\u0131r\u0131mlar\u0131 \u00f6z amans\u0131zl\u0131\u011f\u0131na&#8230;<\/p>\n","protected":false},"author":1,"featured_media":2878,"comment_status":"closed","ping_status":"closed","sticky":false,"template":"","format":"standard","meta":{"footnotes":""},"categories":[23],"tags":[],"class_list":["post-2877","post","type-post","status-publish","format-standard","has-post-thumbnail","hentry","category-gundem"],"yoast_head":"<!-- This site is optimized with the Yoast SEO plugin v21.7 - https:\/\/yoast.com\/wordpress\/plugins\/seo\/ -->\n<title>H\u0259qiq\u0259tl\u0259ri if\u015fa ed\u0259n prinsipial m\u00f6vqe - AUD\u0130TOR\u0130YA.AZ<\/title>\n<meta name=\"robots\" content=\"noindex, follow, max-snippet:-1, max-image-preview:large, max-video-preview:-1\" \/>\n<meta property=\"og:locale\" content=\"az_AZ\" \/>\n<meta property=\"og:type\" content=\"article\" \/>\n<meta property=\"og:title\" content=\"H\u0259qiq\u0259tl\u0259ri if\u015fa ed\u0259n prinsipial m\u00f6vqe - AUD\u0130TOR\u0130YA.AZ\" \/>\n<meta property=\"og:description\" content=\"Erm\u0259ni mill\u0259t\u00e7il\u0259ri tarixin m\u00fcxt\u0259lif m\u0259rh\u0259l\u0259l\u0259rind\u0259 mifik \u201cb\u00f6y\u00fck Erm\u0259nistan\u201d ideyas\u0131n\u0131 ger\u00e7\u0259kl\u0259\u015fdirm\u0259k m\u0259qs\u0259dil\u0259 Az\u0259rbaycan-t\u00fcrk mill\u0259tin\u0259 qar\u015f\u0131 etnik t\u0259mizl\u0259m\u0259, deportasiya v\u0259 soyq\u0131r\u0131mlar\u0131 h\u0259yata ke\u00e7irmi\u015fl\u0259r. Az\u0259rbaycan xalq\u0131n\u0131n ba\u015f\u0131na g\u0259tiril\u0259n \u0259n d\u0259h\u015f\u0259tli faci\u0259l\u0259rd\u0259n biri d\u0259 1918-ci ilin mart-aprel aylar\u0131nda Bak\u0131 Sovetinin mandat\u0131 alt\u0131nda f\u0259aliyy\u0259t g\u00f6st\u0259r\u0259n da\u015fnak-bol\u015fevik silahl\u0131 d\u0259st\u0259l\u0259ri t\u0259r\u0259find\u0259n x\u00fcsusi q\u0259ddarl\u0131qla t\u00f6r\u0259dilmi\u015f k\u00fctl\u0259vi q\u0131r\u011f\u0131nlard\u0131r. 1918-ci ilin mart soyq\u0131r\u0131mlar\u0131 \u00f6z amans\u0131zl\u0131\u011f\u0131na...\" \/>\n<meta property=\"og:url\" content=\"https:\/\/auditoriya.az\/?p=2877\" \/>\n<meta property=\"og:site_name\" content=\"AUD\u0130TOR\u0130YA.AZ\" \/>\n<meta property=\"article:published_time\" content=\"2025-03-20T07:26:03+00:00\" \/>\n<meta property=\"article:modified_time\" content=\"2025-03-20T07:26:11+00:00\" \/>\n<meta property=\"og:image\" content=\"https:\/\/auditoriya.az\/wp-content\/uploads\/2025\/03\/Sah_m\u0259scidi_1918-ci_il_31_mart_hadis\u0259l\u0259rind\u0259n_sonra.jpg\" \/>\n\t<meta property=\"og:image:width\" content=\"960\" \/>\n\t<meta property=\"og:image:height\" content=\"641\" \/>\n\t<meta property=\"og:image:type\" content=\"image\/jpeg\" \/>\n<meta name=\"author\" content=\"admin\" \/>\n<meta name=\"twitter:card\" content=\"summary_large_image\" \/>\n<meta name=\"twitter:label1\" content=\"Written by\" \/>\n\t<meta name=\"twitter:data1\" content=\"admin\" \/>\n\t<meta name=\"twitter:label2\" content=\"Est. reading time\" \/>\n\t<meta name=\"twitter:data2\" content=\"3 minutes\" \/>\n<script type=\"application\/ld+json\" class=\"yoast-schema-graph\">{\"@context\":\"https:\/\/schema.org\",\"@graph\":[{\"@type\":\"WebPage\",\"@id\":\"https:\/\/auditoriya.az\/?p=2877\",\"url\":\"https:\/\/auditoriya.az\/?p=2877\",\"name\":\"H\u0259qiq\u0259tl\u0259ri if\u015fa ed\u0259n prinsipial m\u00f6vqe - AUD\u0130TOR\u0130YA.AZ\",\"isPartOf\":{\"@id\":\"https:\/\/auditoriya.az\/#website\"},\"datePublished\":\"2025-03-20T07:26:03+00:00\",\"dateModified\":\"2025-03-20T07:26:11+00:00\",\"author\":{\"@id\":\"https:\/\/auditoriya.az\/#\/schema\/person\/ac4ea1d12bf25b1e864c62335d7e0053\"},\"breadcrumb\":{\"@id\":\"https:\/\/auditoriya.az\/?p=2877#breadcrumb\"},\"inLanguage\":\"az\",\"potentialAction\":[{\"@type\":\"ReadAction\",\"target\":[\"https:\/\/auditoriya.az\/?p=2877\"]}]},{\"@type\":\"BreadcrumbList\",\"@id\":\"https:\/\/auditoriya.az\/?p=2877#breadcrumb\",\"itemListElement\":[{\"@type\":\"ListItem\",\"position\":1,\"name\":\"Home\",\"item\":\"https:\/\/auditoriya.az\/\"},{\"@type\":\"ListItem\",\"position\":2,\"name\":\"H\u0259qiq\u0259tl\u0259ri if\u015fa ed\u0259n prinsipial m\u00f6vqe\"}]},{\"@type\":\"WebSite\",\"@id\":\"https:\/\/auditoriya.az\/#website\",\"url\":\"https:\/\/auditoriya.az\/\",\"name\":\"AUD\u0130TOR\u0130YA.AZ\",\"description\":\"X\u0259b\u0259rl\u0259rin geni\u015f auditoriyas\u0131\",\"potentialAction\":[{\"@type\":\"SearchAction\",\"target\":{\"@type\":\"EntryPoint\",\"urlTemplate\":\"https:\/\/auditoriya.az\/?s={search_term_string}\"},\"query-input\":\"required name=search_term_string\"}],\"inLanguage\":\"az\"},{\"@type\":\"Person\",\"@id\":\"https:\/\/auditoriya.az\/#\/schema\/person\/ac4ea1d12bf25b1e864c62335d7e0053\",\"name\":\"admin\",\"sameAs\":[\"https:\/\/auditoriya.az\"],\"url\":\"https:\/\/auditoriya.az\/?author=1\"}]}<\/script>\n<!-- \/ Yoast SEO plugin. -->","yoast_head_json":{"title":"H\u0259qiq\u0259tl\u0259ri if\u015fa ed\u0259n prinsipial m\u00f6vqe - AUD\u0130TOR\u0130YA.AZ","robots":{"index":"noindex","follow":"follow","max-snippet":"max-snippet:-1","max-image-preview":"max-image-preview:large","max-video-preview":"max-video-preview:-1"},"og_locale":"az_AZ","og_type":"article","og_title":"H\u0259qiq\u0259tl\u0259ri if\u015fa ed\u0259n prinsipial m\u00f6vqe - AUD\u0130TOR\u0130YA.AZ","og_description":"Erm\u0259ni mill\u0259t\u00e7il\u0259ri tarixin m\u00fcxt\u0259lif m\u0259rh\u0259l\u0259l\u0259rind\u0259 mifik \u201cb\u00f6y\u00fck Erm\u0259nistan\u201d ideyas\u0131n\u0131 ger\u00e7\u0259kl\u0259\u015fdirm\u0259k m\u0259qs\u0259dil\u0259 Az\u0259rbaycan-t\u00fcrk mill\u0259tin\u0259 qar\u015f\u0131 etnik t\u0259mizl\u0259m\u0259, deportasiya v\u0259 soyq\u0131r\u0131mlar\u0131 h\u0259yata ke\u00e7irmi\u015fl\u0259r. Az\u0259rbaycan xalq\u0131n\u0131n ba\u015f\u0131na g\u0259tiril\u0259n \u0259n d\u0259h\u015f\u0259tli faci\u0259l\u0259rd\u0259n biri d\u0259 1918-ci ilin mart-aprel aylar\u0131nda Bak\u0131 Sovetinin mandat\u0131 alt\u0131nda f\u0259aliyy\u0259t g\u00f6st\u0259r\u0259n da\u015fnak-bol\u015fevik silahl\u0131 d\u0259st\u0259l\u0259ri t\u0259r\u0259find\u0259n x\u00fcsusi q\u0259ddarl\u0131qla t\u00f6r\u0259dilmi\u015f k\u00fctl\u0259vi q\u0131r\u011f\u0131nlard\u0131r. 1918-ci ilin mart soyq\u0131r\u0131mlar\u0131 \u00f6z amans\u0131zl\u0131\u011f\u0131na...","og_url":"https:\/\/auditoriya.az\/?p=2877","og_site_name":"AUD\u0130TOR\u0130YA.AZ","article_published_time":"2025-03-20T07:26:03+00:00","article_modified_time":"2025-03-20T07:26:11+00:00","og_image":[{"width":960,"height":641,"url":"https:\/\/auditoriya.az\/wp-content\/uploads\/2025\/03\/Sah_m\u0259scidi_1918-ci_il_31_mart_hadis\u0259l\u0259rind\u0259n_sonra.jpg","type":"image\/jpeg"}],"author":"admin","twitter_card":"summary_large_image","twitter_misc":{"Written by":"admin","Est. reading time":"3 minutes"},"schema":{"@context":"https:\/\/schema.org","@graph":[{"@type":"WebPage","@id":"https:\/\/auditoriya.az\/?p=2877","url":"https:\/\/auditoriya.az\/?p=2877","name":"H\u0259qiq\u0259tl\u0259ri if\u015fa ed\u0259n prinsipial m\u00f6vqe - AUD\u0130TOR\u0130YA.AZ","isPartOf":{"@id":"https:\/\/auditoriya.az\/#website"},"datePublished":"2025-03-20T07:26:03+00:00","dateModified":"2025-03-20T07:26:11+00:00","author":{"@id":"https:\/\/auditoriya.az\/#\/schema\/person\/ac4ea1d12bf25b1e864c62335d7e0053"},"breadcrumb":{"@id":"https:\/\/auditoriya.az\/?p=2877#breadcrumb"},"inLanguage":"az","potentialAction":[{"@type":"ReadAction","target":["https:\/\/auditoriya.az\/?p=2877"]}]},{"@type":"BreadcrumbList","@id":"https:\/\/auditoriya.az\/?p=2877#breadcrumb","itemListElement":[{"@type":"ListItem","position":1,"name":"Home","item":"https:\/\/auditoriya.az\/"},{"@type":"ListItem","position":2,"name":"H\u0259qiq\u0259tl\u0259ri if\u015fa ed\u0259n prinsipial m\u00f6vqe"}]},{"@type":"WebSite","@id":"https:\/\/auditoriya.az\/#website","url":"https:\/\/auditoriya.az\/","name":"AUD\u0130TOR\u0130YA.AZ","description":"X\u0259b\u0259rl\u0259rin geni\u015f auditoriyas\u0131","potentialAction":[{"@type":"SearchAction","target":{"@type":"EntryPoint","urlTemplate":"https:\/\/auditoriya.az\/?s={search_term_string}"},"query-input":"required name=search_term_string"}],"inLanguage":"az"},{"@type":"Person","@id":"https:\/\/auditoriya.az\/#\/schema\/person\/ac4ea1d12bf25b1e864c62335d7e0053","name":"admin","sameAs":["https:\/\/auditoriya.az"],"url":"https:\/\/auditoriya.az\/?author=1"}]}},"post_mailing_queue_ids":[],"_links":{"self":[{"href":"https:\/\/auditoriya.az\/index.php?rest_route=\/wp\/v2\/posts\/2877","targetHints":{"allow":["GET"]}}],"collection":[{"href":"https:\/\/auditoriya.az\/index.php?rest_route=\/wp\/v2\/posts"}],"about":[{"href":"https:\/\/auditoriya.az\/index.php?rest_route=\/wp\/v2\/types\/post"}],"author":[{"embeddable":true,"href":"https:\/\/auditoriya.az\/index.php?rest_route=\/wp\/v2\/users\/1"}],"replies":[{"embeddable":true,"href":"https:\/\/auditoriya.az\/index.php?rest_route=%2Fwp%2Fv2%2Fcomments&post=2877"}],"version-history":[{"count":1,"href":"https:\/\/auditoriya.az\/index.php?rest_route=\/wp\/v2\/posts\/2877\/revisions"}],"predecessor-version":[{"id":2879,"href":"https:\/\/auditoriya.az\/index.php?rest_route=\/wp\/v2\/posts\/2877\/revisions\/2879"}],"wp:featuredmedia":[{"embeddable":true,"href":"https:\/\/auditoriya.az\/index.php?rest_route=\/wp\/v2\/media\/2878"}],"wp:attachment":[{"href":"https:\/\/auditoriya.az\/index.php?rest_route=%2Fwp%2Fv2%2Fmedia&parent=2877"}],"wp:term":[{"taxonomy":"category","embeddable":true,"href":"https:\/\/auditoriya.az\/index.php?rest_route=%2Fwp%2Fv2%2Fcategories&post=2877"},{"taxonomy":"post_tag","embeddable":true,"href":"https:\/\/auditoriya.az\/index.php?rest_route=%2Fwp%2Fv2%2Ftags&post=2877"}],"curies":[{"name":"wp","href":"https:\/\/api.w.org\/{rel}","templated":true}]}}