{"id":2850,"date":"2025-03-14T13:58:20","date_gmt":"2025-03-14T13:58:20","guid":{"rendered":"https:\/\/auditoriya.az\/?p=2850"},"modified":"2025-03-14T13:58:26","modified_gmt":"2025-03-14T13:58:26","slug":"az%c9%99rbaycanda-26-yasli-g%c9%99nc-siyasi-elml%c9%99r-uzr%c9%99-f%c9%99ls%c9%99f%c9%99-doktoru-olub","status":"publish","type":"post","link":"https:\/\/auditoriya.az\/?p=2850","title":{"rendered":"Az\u0259rbaycanda 26 ya\u015fl\u0131 g\u0259nc siyasi elml\u0259r \u00fczr\u0259 f\u0259ls\u0259f\u0259 doktoru olub"},"content":{"rendered":"\n<p>Az\u0259rbaycan Respublikas\u0131n\u0131n Prezidenti yan\u0131nda D\u00f6vl\u0259t \u0130dar\u0259\u00e7ilik Akademiyas\u0131n\u0131n \u201cBeyn\u0259lxalq m\u00fcnasib\u0259tl\u0259r v\u0259 xarici siyas\u0259t\u201d kafedras\u0131n\u0131n m\u00fc\u0259llimi, 15.10.1998-ci il t\u0259v\u0259ll\u00fcdl\u00fc \u00dczeyir Habil o\u011flu Mustafayev \u201c\u0130kinci Qaraba\u011f m\u00fcharib\u0259sind\u0259n sonra Az\u0259rbaycan Respublikas\u0131n\u0131n region d\u00f6vl\u0259tl\u0259ri il\u0259 m\u00fcnasib\u0259tl\u0259ri\u201d m\u00f6vzusunda dissertasiya i\u015fini m\u00fcdafi\u0259 ed\u0259r\u0259k siyasi elml\u0259r \u00fczr\u0259 f\u0259ls\u0259f\u0259 doktoru elmi d\u0259r\u0259c\u0259si al\u0131b.<\/p>\n\n\n\n<p><a href=\"https:\/\/operativmedia.az\/\">Operativ Media<\/a>&nbsp;x\u0259b\u0259r verir ki, \u00dc.Mustafayev 2019-cu ild\u0259 D\u00f6vl\u0259t \u0130dar\u0259\u00e7ilik Akademiyas\u0131nda bakalavr, 2021-ci ild\u0259 Bak\u0131 M\u00fch\u0259ndislik Universitetind\u0259 magistr t\u0259hsilini f\u0259rql\u0259nm\u0259 diplomu il\u0259 ba\u015fa vurub. 2021-2024-c\u00fc ill\u0259rd\u0259 D\u0130A-n\u0131n Beyn\u0259lxalq m\u00fcnasib\u0259tl\u0259r ixtisas\u0131nda doktorantura t\u0259hsili al\u0131b.<\/p>\n\n\n\n<p>Az\u0259rbaycan Respublikas\u0131n\u0131n Prezidenti yan\u0131nda Ali Attestasiya Komissiyas\u0131n\u0131n 3 mart 2025-ci il tarixli q\u0259rar\u0131 il\u0259 \u00dc.H.Mustafayev\u0259 Beyn\u0259lxalq m\u00fcnasib\u0259tl\u0259r ixtisas\u0131nda siyasi elml\u0259r \u00fczr\u0259 f\u0259ls\u0259f\u0259 doktoru elmi d\u0259r\u0259c\u0259si verilib.<\/p>\n","protected":false},"excerpt":{"rendered":"<p>Az\u0259rbaycan Respublikas\u0131n\u0131n Prezidenti yan\u0131nda D\u00f6vl\u0259t \u0130dar\u0259\u00e7ilik Akademiyas\u0131n\u0131n \u201cBeyn\u0259lxalq m\u00fcnasib\u0259tl\u0259r v\u0259 xarici siyas\u0259t\u201d kafedras\u0131n\u0131n m\u00fc\u0259llimi, 15.10.1998-ci il t\u0259v\u0259ll\u00fcdl\u00fc \u00dczeyir Habil o\u011flu Mustafayev \u201c\u0130kinci Qaraba\u011f m\u00fcharib\u0259sind\u0259n sonra Az\u0259rbaycan Respublikas\u0131n\u0131n region d\u00f6vl\u0259tl\u0259ri il\u0259 m\u00fcnasib\u0259tl\u0259ri\u201d m\u00f6vzusunda dissertasiya i\u015fini m\u00fcdafi\u0259 ed\u0259r\u0259k siyasi elml\u0259r \u00fczr\u0259 f\u0259ls\u0259f\u0259 doktoru elmi d\u0259r\u0259c\u0259si al\u0131b. Operativ Media&nbsp;x\u0259b\u0259r verir ki, \u00dc.Mustafayev 2019-cu ild\u0259 D\u00f6vl\u0259t \u0130dar\u0259\u00e7ilik Akademiyas\u0131nda bakalavr,&#8230;<\/p>\n","protected":false},"author":1,"featured_media":2851,"comment_status":"closed","ping_status":"closed","sticky":false,"template":"","format":"standard","meta":{"footnotes":""},"categories":[23],"tags":[],"class_list":["post-2850","post","type-post","status-publish","format-standard","has-post-thumbnail","hentry","category-gundem"],"yoast_head":"<!-- This site is optimized with the Yoast SEO plugin v21.7 - https:\/\/yoast.com\/wordpress\/plugins\/seo\/ -->\n<title>Az\u0259rbaycanda 26 ya\u015fl\u0131 g\u0259nc siyasi elml\u0259r \u00fczr\u0259 f\u0259ls\u0259f\u0259 doktoru olub - AUD\u0130TOR\u0130YA.AZ<\/title>\n<meta name=\"robots\" content=\"noindex, follow, max-snippet:-1, max-image-preview:large, max-video-preview:-1\" \/>\n<meta property=\"og:locale\" content=\"az_AZ\" \/>\n<meta property=\"og:type\" content=\"article\" \/>\n<meta property=\"og:title\" content=\"Az\u0259rbaycanda 26 ya\u015fl\u0131 g\u0259nc siyasi elml\u0259r \u00fczr\u0259 f\u0259ls\u0259f\u0259 doktoru olub - AUD\u0130TOR\u0130YA.AZ\" \/>\n<meta property=\"og:description\" content=\"Az\u0259rbaycan Respublikas\u0131n\u0131n Prezidenti yan\u0131nda D\u00f6vl\u0259t \u0130dar\u0259\u00e7ilik Akademiyas\u0131n\u0131n \u201cBeyn\u0259lxalq m\u00fcnasib\u0259tl\u0259r v\u0259 xarici siyas\u0259t\u201d kafedras\u0131n\u0131n m\u00fc\u0259llimi, 15.10.1998-ci il t\u0259v\u0259ll\u00fcdl\u00fc \u00dczeyir Habil o\u011flu Mustafayev \u201c\u0130kinci Qaraba\u011f m\u00fcharib\u0259sind\u0259n sonra Az\u0259rbaycan Respublikas\u0131n\u0131n region d\u00f6vl\u0259tl\u0259ri il\u0259 m\u00fcnasib\u0259tl\u0259ri\u201d m\u00f6vzusunda dissertasiya i\u015fini m\u00fcdafi\u0259 ed\u0259r\u0259k siyasi elml\u0259r \u00fczr\u0259 f\u0259ls\u0259f\u0259 doktoru elmi d\u0259r\u0259c\u0259si al\u0131b. Operativ Media&nbsp;x\u0259b\u0259r verir ki, \u00dc.Mustafayev 2019-cu ild\u0259 D\u00f6vl\u0259t \u0130dar\u0259\u00e7ilik Akademiyas\u0131nda bakalavr,...\" \/>\n<meta property=\"og:url\" content=\"https:\/\/auditoriya.az\/?p=2850\" \/>\n<meta property=\"og:site_name\" content=\"AUD\u0130TOR\u0130YA.AZ\" \/>\n<meta property=\"article:published_time\" content=\"2025-03-14T13:58:20+00:00\" \/>\n<meta property=\"article:modified_time\" content=\"2025-03-14T13:58:26+00:00\" \/>\n<meta property=\"og:image\" content=\"https:\/\/auditoriya.az\/wp-content\/uploads\/2025\/03\/Uzeyir-Mustafayev-scaled.jpeg\" \/>\n\t<meta property=\"og:image:width\" content=\"1920\" \/>\n\t<meta property=\"og:image:height\" content=\"2560\" \/>\n\t<meta property=\"og:image:type\" content=\"image\/jpeg\" \/>\n<meta name=\"author\" content=\"admin\" \/>\n<meta name=\"twitter:card\" content=\"summary_large_image\" \/>\n<meta name=\"twitter:label1\" content=\"Written by\" \/>\n\t<meta name=\"twitter:data1\" content=\"admin\" \/>\n\t<meta name=\"twitter:label2\" content=\"Est. reading time\" \/>\n\t<meta name=\"twitter:data2\" content=\"1 minute\" \/>\n<script type=\"application\/ld+json\" class=\"yoast-schema-graph\">{\"@context\":\"https:\/\/schema.org\",\"@graph\":[{\"@type\":\"WebPage\",\"@id\":\"https:\/\/auditoriya.az\/?p=2850\",\"url\":\"https:\/\/auditoriya.az\/?p=2850\",\"name\":\"Az\u0259rbaycanda 26 ya\u015fl\u0131 g\u0259nc siyasi elml\u0259r \u00fczr\u0259 f\u0259ls\u0259f\u0259 doktoru olub - AUD\u0130TOR\u0130YA.AZ\",\"isPartOf\":{\"@id\":\"https:\/\/auditoriya.az\/#website\"},\"datePublished\":\"2025-03-14T13:58:20+00:00\",\"dateModified\":\"2025-03-14T13:58:26+00:00\",\"author\":{\"@id\":\"https:\/\/auditoriya.az\/#\/schema\/person\/ac4ea1d12bf25b1e864c62335d7e0053\"},\"breadcrumb\":{\"@id\":\"https:\/\/auditoriya.az\/?p=2850#breadcrumb\"},\"inLanguage\":\"az\",\"potentialAction\":[{\"@type\":\"ReadAction\",\"target\":[\"https:\/\/auditoriya.az\/?p=2850\"]}]},{\"@type\":\"BreadcrumbList\",\"@id\":\"https:\/\/auditoriya.az\/?p=2850#breadcrumb\",\"itemListElement\":[{\"@type\":\"ListItem\",\"position\":1,\"name\":\"Home\",\"item\":\"https:\/\/auditoriya.az\/\"},{\"@type\":\"ListItem\",\"position\":2,\"name\":\"Az\u0259rbaycanda 26 ya\u015fl\u0131 g\u0259nc siyasi elml\u0259r \u00fczr\u0259 f\u0259ls\u0259f\u0259 doktoru olub\"}]},{\"@type\":\"WebSite\",\"@id\":\"https:\/\/auditoriya.az\/#website\",\"url\":\"https:\/\/auditoriya.az\/\",\"name\":\"AUD\u0130TOR\u0130YA.AZ\",\"description\":\"X\u0259b\u0259rl\u0259rin geni\u015f auditoriyas\u0131\",\"potentialAction\":[{\"@type\":\"SearchAction\",\"target\":{\"@type\":\"EntryPoint\",\"urlTemplate\":\"https:\/\/auditoriya.az\/?s={search_term_string}\"},\"query-input\":\"required name=search_term_string\"}],\"inLanguage\":\"az\"},{\"@type\":\"Person\",\"@id\":\"https:\/\/auditoriya.az\/#\/schema\/person\/ac4ea1d12bf25b1e864c62335d7e0053\",\"name\":\"admin\",\"sameAs\":[\"https:\/\/auditoriya.az\"],\"url\":\"https:\/\/auditoriya.az\/?author=1\"}]}<\/script>\n<!-- \/ Yoast SEO plugin. -->","yoast_head_json":{"title":"Az\u0259rbaycanda 26 ya\u015fl\u0131 g\u0259nc siyasi elml\u0259r \u00fczr\u0259 f\u0259ls\u0259f\u0259 doktoru olub - AUD\u0130TOR\u0130YA.AZ","robots":{"index":"noindex","follow":"follow","max-snippet":"max-snippet:-1","max-image-preview":"max-image-preview:large","max-video-preview":"max-video-preview:-1"},"og_locale":"az_AZ","og_type":"article","og_title":"Az\u0259rbaycanda 26 ya\u015fl\u0131 g\u0259nc siyasi elml\u0259r \u00fczr\u0259 f\u0259ls\u0259f\u0259 doktoru olub - AUD\u0130TOR\u0130YA.AZ","og_description":"Az\u0259rbaycan Respublikas\u0131n\u0131n Prezidenti yan\u0131nda D\u00f6vl\u0259t \u0130dar\u0259\u00e7ilik Akademiyas\u0131n\u0131n \u201cBeyn\u0259lxalq m\u00fcnasib\u0259tl\u0259r v\u0259 xarici siyas\u0259t\u201d kafedras\u0131n\u0131n m\u00fc\u0259llimi, 15.10.1998-ci il t\u0259v\u0259ll\u00fcdl\u00fc \u00dczeyir Habil o\u011flu Mustafayev \u201c\u0130kinci Qaraba\u011f m\u00fcharib\u0259sind\u0259n sonra Az\u0259rbaycan Respublikas\u0131n\u0131n region d\u00f6vl\u0259tl\u0259ri il\u0259 m\u00fcnasib\u0259tl\u0259ri\u201d m\u00f6vzusunda dissertasiya i\u015fini m\u00fcdafi\u0259 ed\u0259r\u0259k siyasi elml\u0259r \u00fczr\u0259 f\u0259ls\u0259f\u0259 doktoru elmi d\u0259r\u0259c\u0259si al\u0131b. Operativ Media&nbsp;x\u0259b\u0259r verir ki, \u00dc.Mustafayev 2019-cu ild\u0259 D\u00f6vl\u0259t \u0130dar\u0259\u00e7ilik Akademiyas\u0131nda bakalavr,...","og_url":"https:\/\/auditoriya.az\/?p=2850","og_site_name":"AUD\u0130TOR\u0130YA.AZ","article_published_time":"2025-03-14T13:58:20+00:00","article_modified_time":"2025-03-14T13:58:26+00:00","og_image":[{"width":1920,"height":2560,"url":"https:\/\/auditoriya.az\/wp-content\/uploads\/2025\/03\/Uzeyir-Mustafayev-scaled.jpeg","type":"image\/jpeg"}],"author":"admin","twitter_card":"summary_large_image","twitter_misc":{"Written by":"admin","Est. reading time":"1 minute"},"schema":{"@context":"https:\/\/schema.org","@graph":[{"@type":"WebPage","@id":"https:\/\/auditoriya.az\/?p=2850","url":"https:\/\/auditoriya.az\/?p=2850","name":"Az\u0259rbaycanda 26 ya\u015fl\u0131 g\u0259nc siyasi elml\u0259r \u00fczr\u0259 f\u0259ls\u0259f\u0259 doktoru olub - AUD\u0130TOR\u0130YA.AZ","isPartOf":{"@id":"https:\/\/auditoriya.az\/#website"},"datePublished":"2025-03-14T13:58:20+00:00","dateModified":"2025-03-14T13:58:26+00:00","author":{"@id":"https:\/\/auditoriya.az\/#\/schema\/person\/ac4ea1d12bf25b1e864c62335d7e0053"},"breadcrumb":{"@id":"https:\/\/auditoriya.az\/?p=2850#breadcrumb"},"inLanguage":"az","potentialAction":[{"@type":"ReadAction","target":["https:\/\/auditoriya.az\/?p=2850"]}]},{"@type":"BreadcrumbList","@id":"https:\/\/auditoriya.az\/?p=2850#breadcrumb","itemListElement":[{"@type":"ListItem","position":1,"name":"Home","item":"https:\/\/auditoriya.az\/"},{"@type":"ListItem","position":2,"name":"Az\u0259rbaycanda 26 ya\u015fl\u0131 g\u0259nc siyasi elml\u0259r \u00fczr\u0259 f\u0259ls\u0259f\u0259 doktoru olub"}]},{"@type":"WebSite","@id":"https:\/\/auditoriya.az\/#website","url":"https:\/\/auditoriya.az\/","name":"AUD\u0130TOR\u0130YA.AZ","description":"X\u0259b\u0259rl\u0259rin geni\u015f auditoriyas\u0131","potentialAction":[{"@type":"SearchAction","target":{"@type":"EntryPoint","urlTemplate":"https:\/\/auditoriya.az\/?s={search_term_string}"},"query-input":"required name=search_term_string"}],"inLanguage":"az"},{"@type":"Person","@id":"https:\/\/auditoriya.az\/#\/schema\/person\/ac4ea1d12bf25b1e864c62335d7e0053","name":"admin","sameAs":["https:\/\/auditoriya.az"],"url":"https:\/\/auditoriya.az\/?author=1"}]}},"post_mailing_queue_ids":[],"_links":{"self":[{"href":"https:\/\/auditoriya.az\/index.php?rest_route=\/wp\/v2\/posts\/2850","targetHints":{"allow":["GET"]}}],"collection":[{"href":"https:\/\/auditoriya.az\/index.php?rest_route=\/wp\/v2\/posts"}],"about":[{"href":"https:\/\/auditoriya.az\/index.php?rest_route=\/wp\/v2\/types\/post"}],"author":[{"embeddable":true,"href":"https:\/\/auditoriya.az\/index.php?rest_route=\/wp\/v2\/users\/1"}],"replies":[{"embeddable":true,"href":"https:\/\/auditoriya.az\/index.php?rest_route=%2Fwp%2Fv2%2Fcomments&post=2850"}],"version-history":[{"count":1,"href":"https:\/\/auditoriya.az\/index.php?rest_route=\/wp\/v2\/posts\/2850\/revisions"}],"predecessor-version":[{"id":2852,"href":"https:\/\/auditoriya.az\/index.php?rest_route=\/wp\/v2\/posts\/2850\/revisions\/2852"}],"wp:featuredmedia":[{"embeddable":true,"href":"https:\/\/auditoriya.az\/index.php?rest_route=\/wp\/v2\/media\/2851"}],"wp:attachment":[{"href":"https:\/\/auditoriya.az\/index.php?rest_route=%2Fwp%2Fv2%2Fmedia&parent=2850"}],"wp:term":[{"taxonomy":"category","embeddable":true,"href":"https:\/\/auditoriya.az\/index.php?rest_route=%2Fwp%2Fv2%2Fcategories&post=2850"},{"taxonomy":"post_tag","embeddable":true,"href":"https:\/\/auditoriya.az\/index.php?rest_route=%2Fwp%2Fv2%2Ftags&post=2850"}],"curies":[{"name":"wp","href":"https:\/\/api.w.org\/{rel}","templated":true}]}}