{"id":2847,"date":"2025-03-14T13:12:08","date_gmt":"2025-03-14T13:12:08","guid":{"rendered":"https:\/\/auditoriya.az\/?p=2847"},"modified":"2025-03-14T13:12:14","modified_gmt":"2025-03-14T13:12:14","slug":"bu-olk%c9%99miz%c9%99-olan-horm%c9%99tin-etimadin-t%c9%99zahurudur","status":"publish","type":"post","link":"https:\/\/auditoriya.az\/?p=2847","title":{"rendered":"Bu, \u00f6lk\u0259miz\u0259 olan h\u00f6rm\u0259tin, etimad\u0131n t\u0259zah\u00fcr\u00fcd\u00fcr"},"content":{"rendered":"\n<p>Son ill\u0259r \u00dcmummilli Lider Heyd\u0259r \u018fliyevin t\u0259m\u0259lini qoydu\u011fu v\u0259 Prezident \u0130lham<\/p>\n\n\n\n<p>\u018fliyev t\u0259r\u0259find\u0259n u\u011furla davam etdiril\u0259n siyas\u0259t n\u0259tic\u0259sind\u0259 Az\u0259rbaycan bu g\u00fcn d\u00fcnyada tolerantl\u0131q v\u0259 multikulturalizmin \u0259sas m\u0259rk\u0259zl\u0259rind\u0259n birin\u0259 \u00e7evrilmi\u015fdir.<\/p>\n\n\n\n<p>\u00d6lk\u0259miz beyn\u0259lxalq t\u0259dbirl\u0259rin ke\u00e7irildiyi m\u00fch\u00fcm platformaya \u00e7evrilmi\u015f, bir \u00e7ox qlobal forumlara u\u011furla ev sahibliyi etmi\u015fdir. Qar\u015f\u0131dan g\u0259l\u0259n 12-ci Qlobal Forum da bu istiqam\u0259td\u0259 m\u00fch\u00fcm add\u0131mlardan biri olacaqd\u0131r.<\/p>\n\n\n\n<p>Forum Nizami G\u0259nc\u0259vi Beyn\u0259lxalq M\u0259rk\u0259zi t\u0259r\u0259find\u0259n &#8220;D\u00fcnya d\u00fcz\u0259ninin yenid\u0259n d\u00fc\u015f\u00fcn\u00fclm\u0259si: \u00c7a\u011f\u0131r\u0131\u015flar\u0131n f\u00fcrs\u0259t\u0259 \u00e7evrilm\u0259si&#8221; \u015f\u00fcar\u0131 alt\u0131nda t\u0259\u015fkil olunub.<\/p>\n\n\n\n<p>T\u0259dbir \u00e7\u0259r\u00e7iv\u0259sind\u0259 qlobal geosiyasi d\u0259yi\u015fiklikl\u0259r, \u00e7oxt\u0259r\u0259fli yana\u015fma, qlobal s\u0259hiyy\u0259 b\u00f6hran\u0131, b\u0259rpa v\u0259 d\u00fcnyan\u0131n regional sabitliyi, COP29 v\u0259 dig\u0259r vacib qlobal m\u0259s\u0259l\u0259l\u0259r m\u00fczakir\u0259 olunur. Qlobal Bak\u0131 Forumu qlobal g\u00fcnd\u0259likd\u0259ki m\u00fch\u00fcm m\u0259s\u0259l\u0259l\u0259rin h\u0259llind\u0259 apar\u0131c\u0131 beyn\u0259lxalq platformalardan birin\u0259 \u00e7evrilib.<\/p>\n\n\n\n<p>Forum 60-dan \u00e7ox \u00f6lk\u0259d\u0259n 300-d\u0259n art\u0131q d\u00fcnya liderini bir araya g\u0259tir\u0259c\u0259k.&nbsp;<\/p>\n\n\n\n<p>Bu g\u00fcn d\u00fcnya tarixinin \u0259n m\u00fcr\u0259kk\u0259b v\u0259 \u00e7\u0259tin m\u0259rh\u0259l\u0259l\u0259rind\u0259n birini ya\u015fay\u0131r. Bel\u0259 bir d\u00f6vrd\u0259 qar\u015f\u0131da duran \u0259n vacib m\u0259s\u0259l\u0259l\u0259rd\u0259n biri sabitliyin qorunmas\u0131 v\u0259 t\u0259hl\u00fck\u0259sizliyin t\u0259min edilm\u0259sidir. Az\u0259rbaycan bu istiqam\u0259td\u0259 m\u00fch\u00fcm rol oynay\u0131r v\u0259 tolerantl\u0131q, multikulturalizm, dinl\u0259r v\u0259 sivilizasiyalararas\u0131 dialoq sah\u0259sind\u0259 d\u00fcnyaya n\u00fcmun\u0259 g\u00f6st\u0259rir.<\/p>\n\n\n\n<p>\u00d6lk\u0259miz m\u00fcxt\u0259lif beyn\u0259lxalq forumlar, g\u00f6r\u00fc\u015fl\u0259r v\u0259 t\u0259dbirl\u0259r vasit\u0259sil\u0259 bu sah\u0259y\u0259 \u00f6z t\u00f6hf\u0259sini verir. Dig\u0259r beyn\u0259lxalq forumlar kimi, bu forum da proses\u0259 m\u00fch\u00fcm t\u00f6hf\u0259 ver\u0259c\u0259k v\u0259 \u00f6lk\u0259l\u0259rin inki\u015faf\u0131na xidm\u0259t ed\u0259c\u0259kdir.<\/p>\n\n\n\n<p><strong>Milli M\u0259clisin deputat\u0131 Ceyhun M\u0259mm\u0259dov<\/strong><\/p>\n","protected":false},"excerpt":{"rendered":"<p>Son ill\u0259r \u00dcmummilli Lider Heyd\u0259r \u018fliyevin t\u0259m\u0259lini qoydu\u011fu v\u0259 Prezident \u0130lham \u018fliyev t\u0259r\u0259find\u0259n u\u011furla davam etdiril\u0259n siyas\u0259t n\u0259tic\u0259sind\u0259 Az\u0259rbaycan bu g\u00fcn d\u00fcnyada tolerantl\u0131q v\u0259 multikulturalizmin \u0259sas m\u0259rk\u0259zl\u0259rind\u0259n birin\u0259 \u00e7evrilmi\u015fdir. \u00d6lk\u0259miz beyn\u0259lxalq t\u0259dbirl\u0259rin ke\u00e7irildiyi m\u00fch\u00fcm platformaya \u00e7evrilmi\u015f, bir \u00e7ox qlobal forumlara u\u011furla ev sahibliyi etmi\u015fdir. Qar\u015f\u0131dan g\u0259l\u0259n 12-ci Qlobal Forum da bu istiqam\u0259td\u0259 m\u00fch\u00fcm add\u0131mlardan biri&#8230;<\/p>\n","protected":false},"author":1,"featured_media":839,"comment_status":"closed","ping_status":"closed","sticky":false,"template":"","format":"standard","meta":{"footnotes":""},"categories":[23],"tags":[],"class_list":["post-2847","post","type-post","status-publish","format-standard","has-post-thumbnail","hentry","category-gundem"],"yoast_head":"<!-- This site is optimized with the Yoast SEO plugin v21.7 - https:\/\/yoast.com\/wordpress\/plugins\/seo\/ -->\n<title>Bu, \u00f6lk\u0259miz\u0259 olan h\u00f6rm\u0259tin, etimad\u0131n t\u0259zah\u00fcr\u00fcd\u00fcr - AUD\u0130TOR\u0130YA.AZ<\/title>\n<meta name=\"robots\" content=\"noindex, follow, max-snippet:-1, max-image-preview:large, max-video-preview:-1\" \/>\n<meta property=\"og:locale\" content=\"az_AZ\" \/>\n<meta property=\"og:type\" content=\"article\" \/>\n<meta property=\"og:title\" content=\"Bu, \u00f6lk\u0259miz\u0259 olan h\u00f6rm\u0259tin, etimad\u0131n t\u0259zah\u00fcr\u00fcd\u00fcr - AUD\u0130TOR\u0130YA.AZ\" \/>\n<meta property=\"og:description\" content=\"Son ill\u0259r \u00dcmummilli Lider Heyd\u0259r \u018fliyevin t\u0259m\u0259lini qoydu\u011fu v\u0259 Prezident \u0130lham \u018fliyev t\u0259r\u0259find\u0259n u\u011furla davam etdiril\u0259n siyas\u0259t n\u0259tic\u0259sind\u0259 Az\u0259rbaycan bu g\u00fcn d\u00fcnyada tolerantl\u0131q v\u0259 multikulturalizmin \u0259sas m\u0259rk\u0259zl\u0259rind\u0259n birin\u0259 \u00e7evrilmi\u015fdir. \u00d6lk\u0259miz beyn\u0259lxalq t\u0259dbirl\u0259rin ke\u00e7irildiyi m\u00fch\u00fcm platformaya \u00e7evrilmi\u015f, bir \u00e7ox qlobal forumlara u\u011furla ev sahibliyi etmi\u015fdir. Qar\u015f\u0131dan g\u0259l\u0259n 12-ci Qlobal Forum da bu istiqam\u0259td\u0259 m\u00fch\u00fcm add\u0131mlardan biri...\" \/>\n<meta property=\"og:url\" content=\"https:\/\/auditoriya.az\/?p=2847\" \/>\n<meta property=\"og:site_name\" content=\"AUD\u0130TOR\u0130YA.AZ\" \/>\n<meta property=\"article:published_time\" content=\"2025-03-14T13:12:08+00:00\" \/>\n<meta property=\"article:modified_time\" content=\"2025-03-14T13:12:14+00:00\" \/>\n<meta property=\"og:image\" content=\"https:\/\/auditoriya.az\/wp-content\/uploads\/2024\/01\/Ceyhun-M\u0259mm\u0259dov.jpg\" \/>\n\t<meta property=\"og:image:width\" content=\"2048\" \/>\n\t<meta property=\"og:image:height\" content=\"1365\" \/>\n\t<meta property=\"og:image:type\" content=\"image\/jpeg\" \/>\n<meta name=\"author\" content=\"admin\" \/>\n<meta name=\"twitter:card\" content=\"summary_large_image\" \/>\n<meta name=\"twitter:label1\" content=\"Written by\" \/>\n\t<meta name=\"twitter:data1\" content=\"admin\" \/>\n\t<meta name=\"twitter:label2\" content=\"Est. reading time\" \/>\n\t<meta name=\"twitter:data2\" content=\"2 minutes\" \/>\n<script type=\"application\/ld+json\" class=\"yoast-schema-graph\">{\"@context\":\"https:\/\/schema.org\",\"@graph\":[{\"@type\":\"WebPage\",\"@id\":\"https:\/\/auditoriya.az\/?p=2847\",\"url\":\"https:\/\/auditoriya.az\/?p=2847\",\"name\":\"Bu, \u00f6lk\u0259miz\u0259 olan h\u00f6rm\u0259tin, etimad\u0131n t\u0259zah\u00fcr\u00fcd\u00fcr - AUD\u0130TOR\u0130YA.AZ\",\"isPartOf\":{\"@id\":\"https:\/\/auditoriya.az\/#website\"},\"datePublished\":\"2025-03-14T13:12:08+00:00\",\"dateModified\":\"2025-03-14T13:12:14+00:00\",\"author\":{\"@id\":\"https:\/\/auditoriya.az\/#\/schema\/person\/ac4ea1d12bf25b1e864c62335d7e0053\"},\"breadcrumb\":{\"@id\":\"https:\/\/auditoriya.az\/?p=2847#breadcrumb\"},\"inLanguage\":\"az\",\"potentialAction\":[{\"@type\":\"ReadAction\",\"target\":[\"https:\/\/auditoriya.az\/?p=2847\"]}]},{\"@type\":\"BreadcrumbList\",\"@id\":\"https:\/\/auditoriya.az\/?p=2847#breadcrumb\",\"itemListElement\":[{\"@type\":\"ListItem\",\"position\":1,\"name\":\"Home\",\"item\":\"https:\/\/auditoriya.az\/\"},{\"@type\":\"ListItem\",\"position\":2,\"name\":\"Bu, \u00f6lk\u0259miz\u0259 olan h\u00f6rm\u0259tin, etimad\u0131n t\u0259zah\u00fcr\u00fcd\u00fcr\"}]},{\"@type\":\"WebSite\",\"@id\":\"https:\/\/auditoriya.az\/#website\",\"url\":\"https:\/\/auditoriya.az\/\",\"name\":\"AUD\u0130TOR\u0130YA.AZ\",\"description\":\"X\u0259b\u0259rl\u0259rin geni\u015f auditoriyas\u0131\",\"potentialAction\":[{\"@type\":\"SearchAction\",\"target\":{\"@type\":\"EntryPoint\",\"urlTemplate\":\"https:\/\/auditoriya.az\/?s={search_term_string}\"},\"query-input\":\"required name=search_term_string\"}],\"inLanguage\":\"az\"},{\"@type\":\"Person\",\"@id\":\"https:\/\/auditoriya.az\/#\/schema\/person\/ac4ea1d12bf25b1e864c62335d7e0053\",\"name\":\"admin\",\"sameAs\":[\"https:\/\/auditoriya.az\"],\"url\":\"https:\/\/auditoriya.az\/?author=1\"}]}<\/script>\n<!-- \/ Yoast SEO plugin. -->","yoast_head_json":{"title":"Bu, \u00f6lk\u0259miz\u0259 olan h\u00f6rm\u0259tin, etimad\u0131n t\u0259zah\u00fcr\u00fcd\u00fcr - AUD\u0130TOR\u0130YA.AZ","robots":{"index":"noindex","follow":"follow","max-snippet":"max-snippet:-1","max-image-preview":"max-image-preview:large","max-video-preview":"max-video-preview:-1"},"og_locale":"az_AZ","og_type":"article","og_title":"Bu, \u00f6lk\u0259miz\u0259 olan h\u00f6rm\u0259tin, etimad\u0131n t\u0259zah\u00fcr\u00fcd\u00fcr - AUD\u0130TOR\u0130YA.AZ","og_description":"Son ill\u0259r \u00dcmummilli Lider Heyd\u0259r \u018fliyevin t\u0259m\u0259lini qoydu\u011fu v\u0259 Prezident \u0130lham \u018fliyev t\u0259r\u0259find\u0259n u\u011furla davam etdiril\u0259n siyas\u0259t n\u0259tic\u0259sind\u0259 Az\u0259rbaycan bu g\u00fcn d\u00fcnyada tolerantl\u0131q v\u0259 multikulturalizmin \u0259sas m\u0259rk\u0259zl\u0259rind\u0259n birin\u0259 \u00e7evrilmi\u015fdir. \u00d6lk\u0259miz beyn\u0259lxalq t\u0259dbirl\u0259rin ke\u00e7irildiyi m\u00fch\u00fcm platformaya \u00e7evrilmi\u015f, bir \u00e7ox qlobal forumlara u\u011furla ev sahibliyi etmi\u015fdir. Qar\u015f\u0131dan g\u0259l\u0259n 12-ci Qlobal Forum da bu istiqam\u0259td\u0259 m\u00fch\u00fcm add\u0131mlardan biri...","og_url":"https:\/\/auditoriya.az\/?p=2847","og_site_name":"AUD\u0130TOR\u0130YA.AZ","article_published_time":"2025-03-14T13:12:08+00:00","article_modified_time":"2025-03-14T13:12:14+00:00","og_image":[{"width":2048,"height":1365,"url":"https:\/\/auditoriya.az\/wp-content\/uploads\/2024\/01\/Ceyhun-M\u0259mm\u0259dov.jpg","type":"image\/jpeg"}],"author":"admin","twitter_card":"summary_large_image","twitter_misc":{"Written by":"admin","Est. reading time":"2 minutes"},"schema":{"@context":"https:\/\/schema.org","@graph":[{"@type":"WebPage","@id":"https:\/\/auditoriya.az\/?p=2847","url":"https:\/\/auditoriya.az\/?p=2847","name":"Bu, \u00f6lk\u0259miz\u0259 olan h\u00f6rm\u0259tin, etimad\u0131n t\u0259zah\u00fcr\u00fcd\u00fcr - AUD\u0130TOR\u0130YA.AZ","isPartOf":{"@id":"https:\/\/auditoriya.az\/#website"},"datePublished":"2025-03-14T13:12:08+00:00","dateModified":"2025-03-14T13:12:14+00:00","author":{"@id":"https:\/\/auditoriya.az\/#\/schema\/person\/ac4ea1d12bf25b1e864c62335d7e0053"},"breadcrumb":{"@id":"https:\/\/auditoriya.az\/?p=2847#breadcrumb"},"inLanguage":"az","potentialAction":[{"@type":"ReadAction","target":["https:\/\/auditoriya.az\/?p=2847"]}]},{"@type":"BreadcrumbList","@id":"https:\/\/auditoriya.az\/?p=2847#breadcrumb","itemListElement":[{"@type":"ListItem","position":1,"name":"Home","item":"https:\/\/auditoriya.az\/"},{"@type":"ListItem","position":2,"name":"Bu, \u00f6lk\u0259miz\u0259 olan h\u00f6rm\u0259tin, etimad\u0131n t\u0259zah\u00fcr\u00fcd\u00fcr"}]},{"@type":"WebSite","@id":"https:\/\/auditoriya.az\/#website","url":"https:\/\/auditoriya.az\/","name":"AUD\u0130TOR\u0130YA.AZ","description":"X\u0259b\u0259rl\u0259rin geni\u015f auditoriyas\u0131","potentialAction":[{"@type":"SearchAction","target":{"@type":"EntryPoint","urlTemplate":"https:\/\/auditoriya.az\/?s={search_term_string}"},"query-input":"required name=search_term_string"}],"inLanguage":"az"},{"@type":"Person","@id":"https:\/\/auditoriya.az\/#\/schema\/person\/ac4ea1d12bf25b1e864c62335d7e0053","name":"admin","sameAs":["https:\/\/auditoriya.az"],"url":"https:\/\/auditoriya.az\/?author=1"}]}},"post_mailing_queue_ids":[],"_links":{"self":[{"href":"https:\/\/auditoriya.az\/index.php?rest_route=\/wp\/v2\/posts\/2847","targetHints":{"allow":["GET"]}}],"collection":[{"href":"https:\/\/auditoriya.az\/index.php?rest_route=\/wp\/v2\/posts"}],"about":[{"href":"https:\/\/auditoriya.az\/index.php?rest_route=\/wp\/v2\/types\/post"}],"author":[{"embeddable":true,"href":"https:\/\/auditoriya.az\/index.php?rest_route=\/wp\/v2\/users\/1"}],"replies":[{"embeddable":true,"href":"https:\/\/auditoriya.az\/index.php?rest_route=%2Fwp%2Fv2%2Fcomments&post=2847"}],"version-history":[{"count":1,"href":"https:\/\/auditoriya.az\/index.php?rest_route=\/wp\/v2\/posts\/2847\/revisions"}],"predecessor-version":[{"id":2848,"href":"https:\/\/auditoriya.az\/index.php?rest_route=\/wp\/v2\/posts\/2847\/revisions\/2848"}],"wp:featuredmedia":[{"embeddable":true,"href":"https:\/\/auditoriya.az\/index.php?rest_route=\/wp\/v2\/media\/839"}],"wp:attachment":[{"href":"https:\/\/auditoriya.az\/index.php?rest_route=%2Fwp%2Fv2%2Fmedia&parent=2847"}],"wp:term":[{"taxonomy":"category","embeddable":true,"href":"https:\/\/auditoriya.az\/index.php?rest_route=%2Fwp%2Fv2%2Fcategories&post=2847"},{"taxonomy":"post_tag","embeddable":true,"href":"https:\/\/auditoriya.az\/index.php?rest_route=%2Fwp%2Fv2%2Ftags&post=2847"}],"curies":[{"name":"wp","href":"https:\/\/api.w.org\/{rel}","templated":true}]}}