{"id":2474,"date":"2024-12-23T11:21:34","date_gmt":"2024-12-23T11:21:34","guid":{"rendered":"https:\/\/auditoriya.az\/?p=2474"},"modified":"2024-12-23T11:21:50","modified_gmt":"2024-12-23T11:21:50","slug":"dunyada-sulhu-v%c9%99-konstruktiv-%c9%99m%c9%99kdasligi-t%c9%99r%c9%99nnum-ed%c9%99n-prezident-ilham-eliyevin-beyn%c9%99lxalq-t%c9%99s%c9%99bbusl%c9%99ri-muhum-%c9%99h%c9%99miyy%c9%99t-k%c9%99sb-edir","status":"publish","type":"post","link":"https:\/\/auditoriya.az\/?p=2474","title":{"rendered":"D\u00fcnyada s\u00fclh\u00fc v\u0259 konstruktiv \u0259m\u0259kda\u015fl\u0131\u011f\u0131 t\u0259r\u0259nn\u00fcm ed\u0259n Prezident \u0130lham \u018fliyevin beyn\u0259lxalq t\u0259\u015f\u0259bb\u00fcsl\u0259ri m\u00fch\u00fcm \u0259h\u0259miyy\u0259t k\u0259sb edir"},"content":{"rendered":"\n<p>Regional t\u0259\u015f\u0259bb\u00fcsl\u0259r Az\u0259rbaycan\u0131n m\u00f6hk\u0259ml\u0259nm\u0259sin\u0259, b\u00f6lg\u0259d\u0259ki \u0259m\u0259kda\u015fl\u0131\u011f\u0131n d\u0259rinl\u0259\u015fm\u0259sin\u0259 xidm\u0259t etdi. Az\u0259rbaycan Prezidentinin y\u00fcr\u00fctd\u00fcy\u00fc u\u011furlu xarici siyas\u0259t n\u0259tic\u0259sind\u0259 \u00f6lk\u0259miz 2012-ci ild\u0259 BMT T\u0259hl\u00fck\u0259sizlik \u015euras\u0131n\u0131n qeyri-daimi \u00fczv\u00fc se\u00e7ildi, d\u00fcnyada beyn\u0259lxalq t\u0259\u015fkilatlar Erm\u0259nistan\u0131 i\u015f\u011fal\u00e7\u0131 d\u00f6vl\u0259t kimi tan\u0131d\u0131. Az\u0259rbaycan\u0131n 155 d\u00f6vl\u0259tin d\u0259st\u0259yi il\u0259 BMT T\u0259hl\u00fck\u0259sizlik \u015euras\u0131na qeyri-daimi \u00fczv se\u00e7ilm\u0259si, h\u0259m\u00e7inin 120 d\u00f6vl\u0259tin t\u0259msil olundu\u011fu Qo\u015fulmama H\u0259r\u0259kat\u0131na 2019-2023-c\u00fc ill\u0259rd\u0259 s\u0259drlik etm\u0259si m\u00fcasir Az\u0259rbaycan\u0131n beyn\u0259lxalq miqyasda n\u00fcfuzunu v\u0259 q\u00fcdr\u0259tini g\u00f6st\u0259rir. Prezident \u0130lham \u018fliyevin d\u00fcnyada s\u00fclh\u00fc v\u0259 konstruktiv \u0259m\u0259kda\u015fl\u0131\u011f\u0131 t\u0259r\u0259nn\u00fcm ed\u0259n beyn\u0259lxalq t\u0259\u015f\u0259bb\u00fcsl\u0259ri qlobal t\u0259\u015fkilatlar\u0131n g\u00fcnd\u0259liyin\u0259 daxil olunur. Az\u0259rbaycan\u0131n t\u0259\u015f\u0259bb\u00fcs\u00fc il\u0259 2013-c\u00fc il oktyabr\u0131n 28-d\u0259 BMT tarixind\u0259 ilk d\u0259f\u0259 olaraq \u201cBirl\u0259\u015fmi\u015f Mill\u0259tl\u0259r T\u0259\u015fkilat\u0131 v\u0259 \u0130slam \u018fm\u0259kda\u015fl\u0131q T\u0259\u015fkilat\u0131 aras\u0131nda t\u0259r\u0259fda\u015fl\u0131q \u0259laq\u0259l\u0259rinin g\u00fccl\u0259ndirilm\u0259si\u201d m\u00f6vzusunda iclas t\u0259\u015fkil edilmi\u015fdir. Qo\u015fulmama H\u0259r\u0259kat\u0131n\u0131n s\u0259dri qismind\u0259 Prezident \u0130lham \u018fliyevin t\u0259\u015f\u0259bb\u00fcs\u00fc il\u0259 2020-ci ilin dekabr\u0131nda BMT Ba\u015f Assambleyas\u0131n\u0131n COVID-19 pandemiyas\u0131 il\u0259 m\u00fcbariz\u0259y\u0259 h\u0259sr edilmi\u015f X\u00fcsusi Sessiyas\u0131 ke\u00e7irilmi\u015fdir. 18 noyabr 2021-ci il tarixind\u0259 BMT Ba\u015f Assambleyas\u0131n\u0131n 76-c\u0131 sessiyas\u0131 \u00e7\u0259r\u00e7iv\u0259sind\u0259 Qo\u015fulmama H\u0259r\u0259kat\u0131n\u0131n s\u0259dri qismind\u0259 Az\u0259rbaycan Respublikas\u0131 Prezidentinin t\u0259\u015f\u0259bb\u00fcs\u00fc il\u0259 QH \u00fczvl\u0259ri ad\u0131ndan ir\u0259li s\u00fcr\u00fclm\u00fc\u015f \u201cCOVID-19 \u0259leyhin\u0259 peyv\u0259ndl\u0259r\u0259 b\u0259rab\u0259r, m\u0259qbul qiym\u0259t\u0259, vaxt\u0131nda v\u0259 universal \u0259l\u00e7atanl\u0131\u011f\u0131n t\u0259min edilm\u0259si\u201d adl\u0131 q\u0259tnam\u0259 BMT \u00fczv d\u00f6vl\u0259tl\u0259ri t\u0259r\u0259find\u0259n q\u0259bul edilib. Q\u0259tnam\u0259y\u0259 126 BMT \u00fczv d\u00f6vl\u0259ti h\u0259m-m\u00fc\u0259llif qismind\u0259 qo\u015fulub. Az\u0259rbaycan son ill\u0259rd\u0259 \u0130\u018fT-in bir nec\u0259 konfrans\u0131na ev sahibliyi etmi\u015fdir. 2017-ci il Az\u0259rbaycanda \u201c\u0130slam H\u0259mr\u0259yliyi \u0130li\u201d elan olunmu\u015f v\u0259 h\u0259min ilin may ay\u0131nda \u0130\u018fT-in m\u00f6ht\u0259\u015f\u0259m idman hadis\u0259si \u2013 IV \u0130slam H\u0259mr\u0259yliyi Oyunlar\u0131 Bak\u0131da ke\u00e7irilmi\u015fdir. 2018-ci ild\u0259 5 min illik q\u0259dim tarix\u0259 malik Nax\u00e7\u0131van \u015f\u0259h\u0259ri ISESCO t\u0259r\u0259find\u0259n \u0130slam m\u0259d\u0259niyy\u0259tinin paytaxt\u0131 se\u00e7ilmi\u015fdir. \u018flam\u0259tdar hald\u0131r ki, \u00f6lk\u0259mizin iqtisadi sah\u0259d\u0259 qazand\u0131\u011f\u0131 u\u011furlar beyn\u0259lxalq s\u0259viyy\u0259d\u0259 d\u0259 etiraf olunur. Avropa Yenid\u0259nqurma v\u0259 \u0130nki\u015faf Bank\u0131, D\u00fcnya Bank\u0131 v\u0259 dig\u0259r qurumlar milli iqtisadiyyat\u0131m\u0131z\u0131n perspektivl\u0259ri il\u0259 ba\u011fl\u0131 m\u00fcsb\u0259t proqnozlar ir\u0259li s\u00fcr\u00fcbl\u0259r. N\u00fcfuzlu Davos \u0130qtisadi Forumunun \u201c2017-2018 Qlobal R\u0259qab\u0259tlilik Hesabat\u0131\u201dnda da Az\u0259rbaycan iqtisadiyyat\u0131 m\u00fcxt\u0259lif indikatorlar \u00fczr\u0259 y\u00fcks\u0259k qiym\u0259t\u0259 layiq g\u00f6r\u00fcl\u00fcb. B\u0259hs olunan hesabatda milli iqtisadiyyat\u0131m\u0131z r\u0259qab\u0259tqabiliyy\u0259tliliyin\u0259 g\u00f6r\u0259 daha iki pill\u0259 ir\u0259lil\u0259y\u0259r\u0259k 35-ci yerd\u0259 q\u0259rarla\u015f\u0131b. Bu, o dem\u0259kdir ki, respublikam\u0131z d\u00fcnya \u00fczr\u0259 \u0259n g\u00fccl\u00fc iqtisadiyyata malik 40 \u00f6lk\u0259 s\u0131ras\u0131nda yer al\u0131r v\u0259 MDB-d\u0259 lider m\u00f6vqeyini qoruyub saxlay\u0131r. \u201cDavos \u00dcmumd\u00fcnya \u0130qtisadi Forumu Az\u0259rbaycan\u0131 r\u0259qab\u0259tqabiliyy\u0259tliliyin\u0259 g\u00f6r\u0259 35-ci yer\u0259 layiq g\u00f6r\u00fcbd\u00fcr. \u0130nki\u015fafda olan \u00f6lk\u0259l\u0259r aras\u0131nda inkl\u00fcziv inki\u015faf indeksin\u0259 g\u00f6r\u0259 biz \u00fc\u00e7\u00fcnc\u00fc yerd\u0259yik. Y\u0259ni bu g\u00f6st\u0259ricil\u0259r \u00f6zl\u00fcy\u00fcnd\u0259 h\u0259r \u015feyi a\u00e7\u0131q-ayd\u0131n bildirir, onu g\u00f6st\u0259rir ki, iqtisadi sah\u0259d\u0259 \u0259ld\u0259 edilmi\u015f u\u011furlar, nailiyy\u0259tl\u0259r tarixi nailiyy\u0259tl\u0259rdir\u201d, \u2013 dey\u0259 Prezident \u0130lham \u018fliyev vur\u011fulay\u0131b.D\u00fcnya \u0130qtisadi Forumunun \u201c2017-2018 Qlobal R\u0259qab\u0259tlilik Hesabat\u0131\u201dnda Az\u0259rbaycan\u0131n m\u00f6vqeyi 12 indikatordan doqquz indikator \u00fczr\u0259 yax\u015f\u0131la\u015f\u0131b. Bunlar institutlar, infrastruktur, s\u0259hiyy\u0259 v\u0259 ibtidai t\u0259hsil, ali t\u0259hsil v\u0259 t\u0259lim, \u0259mt\u0259\u0259 bazar\u0131n\u0131n s\u0259m\u0259r\u0259liliyi, \u0259m\u0259k bazar\u0131n\u0131n s\u0259m\u0259r\u0259liliyi, maliyy\u0259 bazar\u0131n\u0131n inki\u015faf\u0131, biznesin m\u00fcr\u0259kk\u0259bliyi v\u0259 innovasiya indikatorlar\u0131d\u0131r.Az\u0259rbaycanda h\u0259yata ke\u00e7iril\u0259n geni\u015fm\u0259zmunlu sosial siyas\u0259t d\u0259 \u201c2017-2018 Qlobal R\u0259qab\u0259tlilik Hesabat\u0131\u201dnda y\u00fcks\u0259k qiym\u0259tl\u0259ndirilib. S\u0259n\u0259dd\u0259 d\u00fcnyada \u0259sas narahatedici trendl\u0259rd\u0259n biri kimi \u201cda\u011f\u0131d\u0131c\u0131 b\u0259rab\u0259rsizlik\u201d qeyd edils\u0259 d\u0259, Az\u0259rbaycan sosial b\u0259rab\u0259rsizliyin \u0259n a\u015fa\u011f\u0131 oldu\u011fu \u00f6lk\u0259l\u0259rd\u0259n biri kimi qiym\u0259tl\u0259ndirilir.<\/p>\n\n\n\n<p>Prezident, Ali Ba\u015f Komandan \u0130lham \u018fliyevin r\u0259hb\u0259rliyi il\u0259 formala\u015fd\u0131r\u0131lan yenilm\u0259z ordumuz d\u00fcnyan\u0131n 50 \u0259n g\u00fccl\u00fcl\u0259rind\u0259n biridir. \u00dcmummilli Lider Heyd\u0259r \u018fliyevin m\u00fcst\u0259sna xidm\u0259tl\u0259ri say\u0259sind\u0259 formala\u015fan v\u0259 inki\u015faf ed\u0259n Az\u0259rbaycan Silahl\u0131 Q\u00fcvv\u0259l\u0259ri bu g\u00fcn M\u00fcz\u0259ff\u0259r Ali Ba\u015f Komandan \u0130lham \u018fliyevin r\u0259hb\u0259rliyi alt\u0131nda \u00f6z xalq\u0131na Q\u0259l\u0259b\u0259ni b\u0259x\u015f etmi\u015f m\u00fcz\u0259ff\u0259r Orduya \u00e7evrilmi\u015fdir. Az\u0259rbaycanda h\u0259rbi s\u0259naye kompleksinin yarad\u0131lmas\u0131 \u00f6lk\u0259nin h\u0259rbi q\u00fcdr\u0259tini getdikc\u0259 art\u0131rd\u0131. Az\u0259rbaycan Silahl\u0131 Q\u00fcvv\u0259l\u0259ri M\u00fcz\u0259ff\u0259r Ali Ba\u015f Komandan \u0130lham \u018fliyevin r\u0259hb\u0259rliyi alt\u0131nda 44 g\u00fcn davam ed\u0259n V\u0259t\u0259n m\u00fcharib\u0259sind\u0259 d\u00fc\u015fm\u0259n \u00fcz\u0259rind\u0259 q\u0259l\u0259b\u0259 \u00e7alaraq tarixi nailiyy\u0259t\u0259 imza atd\u0131. Bu tarixi Q\u0259l\u0259b\u0259 Az\u0259rbaycan\u0131n d\u00fcnya birliyind\u0259ki m\u00f6vqeyini daha da art\u0131rd\u0131.<\/p>\n\n\n\n<p>Prezident \u0130lham \u018fliyevin s\u00f6z\u00fc v\u0259 \u0259m\u0259li birdir. 21 il bundan \u0259vv\u0259l Prezident se\u00e7ilmi\u015f \u0130lham \u018fliyev do\u011fma xalq\u0131na m\u00fcraci\u0259t ed\u0259r\u0259k s\u00f6z vermi\u015fdir ki, Az\u0259rbaycan xalq\u0131n\u0131n v\u0259 Az\u0259rbaycan d\u00f6vl\u0259tinin milli maraqlar\u0131n\u0131 m\u00fcdafi\u0259 ed\u0259c\u0259k v\u0259 Az\u0259rbaycan\u0131n \u0259razi b\u00fct\u00f6vl\u00fcy\u00fcn\u00fc qoruyacaq. 15 oktyabr 2023-c\u00fc ild\u0259 Az\u0259rbaycan Respublikas\u0131n\u0131n Prezidenti, Az\u0259rbaycan Silahl\u0131 Q\u00fcvv\u0259l\u0259rinin M\u00fcz\u0259ff\u0259r Ali Ba\u015f Komandan\u0131 \u0130lham \u018fliyev Xank\u0259ndi \u015f\u0259h\u0259rinin m\u0259rk\u0259zi meydan\u0131nda Az\u0259rbaycan Bayra\u011f\u0131n\u0131 qald\u0131rd\u0131. Otuz ild\u0259n sonra ke\u00e7mi\u015f m\u0259cburi k\u00f6\u00e7k\u00fcn soyda\u015flar\u0131m\u0131z b\u00f6y\u00fck co\u015fqu il\u0259 do\u011fma ata-baba yurdlar\u0131na qay\u0131d\u0131rlar. Prezident \u0130lham \u018fliyev bununla da ad\u0131n\u0131 Az\u0259rbaycan\u0131n tarixin\u0259 Qaraba\u011f\u0131n xilaskar\u0131 kimi \u0259b\u0259di h\u0259kk etdi.<\/p>\n\n\n\n<p><strong>Niyam\u0259ddin \u018fsg\u0259rov,<\/strong><\/p>\n\n\n\n<p><strong>YAP Beyl\u0259qan rayon t\u0259\u015fkilat\u0131n\u0131n s\u0259dr m\u00fcavini<\/strong><\/p>\n","protected":false},"excerpt":{"rendered":"<p>Regional t\u0259\u015f\u0259bb\u00fcsl\u0259r Az\u0259rbaycan\u0131n m\u00f6hk\u0259ml\u0259nm\u0259sin\u0259, b\u00f6lg\u0259d\u0259ki \u0259m\u0259kda\u015fl\u0131\u011f\u0131n d\u0259rinl\u0259\u015fm\u0259sin\u0259 xidm\u0259t etdi. Az\u0259rbaycan Prezidentinin y\u00fcr\u00fctd\u00fcy\u00fc u\u011furlu xarici siyas\u0259t n\u0259tic\u0259sind\u0259 \u00f6lk\u0259miz 2012-ci ild\u0259 BMT T\u0259hl\u00fck\u0259sizlik \u015euras\u0131n\u0131n qeyri-daimi \u00fczv\u00fc se\u00e7ildi, d\u00fcnyada beyn\u0259lxalq t\u0259\u015fkilatlar Erm\u0259nistan\u0131 i\u015f\u011fal\u00e7\u0131 d\u00f6vl\u0259t kimi tan\u0131d\u0131. Az\u0259rbaycan\u0131n 155 d\u00f6vl\u0259tin d\u0259st\u0259yi il\u0259 BMT T\u0259hl\u00fck\u0259sizlik \u015euras\u0131na qeyri-daimi \u00fczv se\u00e7ilm\u0259si, h\u0259m\u00e7inin 120 d\u00f6vl\u0259tin t\u0259msil olundu\u011fu Qo\u015fulmama H\u0259r\u0259kat\u0131na 2019-2023-c\u00fc ill\u0259rd\u0259 s\u0259drlik etm\u0259si&#8230;<\/p>\n","protected":false},"author":1,"featured_media":1508,"comment_status":"closed","ping_status":"closed","sticky":false,"template":"","format":"standard","meta":{"footnotes":""},"categories":[23],"tags":[],"class_list":["post-2474","post","type-post","status-publish","format-standard","has-post-thumbnail","hentry","category-gundem"],"yoast_head":"<!-- This site is optimized with the Yoast SEO plugin v21.7 - https:\/\/yoast.com\/wordpress\/plugins\/seo\/ -->\n<title>D\u00fcnyada s\u00fclh\u00fc v\u0259 konstruktiv \u0259m\u0259kda\u015fl\u0131\u011f\u0131 t\u0259r\u0259nn\u00fcm ed\u0259n Prezident \u0130lham \u018fliyevin beyn\u0259lxalq t\u0259\u015f\u0259bb\u00fcsl\u0259ri m\u00fch\u00fcm \u0259h\u0259miyy\u0259t k\u0259sb edir - AUD\u0130TOR\u0130YA.AZ<\/title>\n<meta name=\"robots\" content=\"noindex, follow, max-snippet:-1, max-image-preview:large, max-video-preview:-1\" \/>\n<meta property=\"og:locale\" content=\"az_AZ\" \/>\n<meta property=\"og:type\" content=\"article\" \/>\n<meta property=\"og:title\" content=\"D\u00fcnyada s\u00fclh\u00fc v\u0259 konstruktiv \u0259m\u0259kda\u015fl\u0131\u011f\u0131 t\u0259r\u0259nn\u00fcm ed\u0259n Prezident \u0130lham \u018fliyevin beyn\u0259lxalq t\u0259\u015f\u0259bb\u00fcsl\u0259ri m\u00fch\u00fcm \u0259h\u0259miyy\u0259t k\u0259sb edir - AUD\u0130TOR\u0130YA.AZ\" \/>\n<meta property=\"og:description\" content=\"Regional t\u0259\u015f\u0259bb\u00fcsl\u0259r Az\u0259rbaycan\u0131n m\u00f6hk\u0259ml\u0259nm\u0259sin\u0259, b\u00f6lg\u0259d\u0259ki \u0259m\u0259kda\u015fl\u0131\u011f\u0131n d\u0259rinl\u0259\u015fm\u0259sin\u0259 xidm\u0259t etdi. Az\u0259rbaycan Prezidentinin y\u00fcr\u00fctd\u00fcy\u00fc u\u011furlu xarici siyas\u0259t n\u0259tic\u0259sind\u0259 \u00f6lk\u0259miz 2012-ci ild\u0259 BMT T\u0259hl\u00fck\u0259sizlik \u015euras\u0131n\u0131n qeyri-daimi \u00fczv\u00fc se\u00e7ildi, d\u00fcnyada beyn\u0259lxalq t\u0259\u015fkilatlar Erm\u0259nistan\u0131 i\u015f\u011fal\u00e7\u0131 d\u00f6vl\u0259t kimi tan\u0131d\u0131. Az\u0259rbaycan\u0131n 155 d\u00f6vl\u0259tin d\u0259st\u0259yi il\u0259 BMT T\u0259hl\u00fck\u0259sizlik \u015euras\u0131na qeyri-daimi \u00fczv se\u00e7ilm\u0259si, h\u0259m\u00e7inin 120 d\u00f6vl\u0259tin t\u0259msil olundu\u011fu Qo\u015fulmama H\u0259r\u0259kat\u0131na 2019-2023-c\u00fc ill\u0259rd\u0259 s\u0259drlik etm\u0259si...\" \/>\n<meta property=\"og:url\" content=\"https:\/\/auditoriya.az\/?p=2474\" \/>\n<meta property=\"og:site_name\" content=\"AUD\u0130TOR\u0130YA.AZ\" \/>\n<meta property=\"article:published_time\" content=\"2024-12-23T11:21:34+00:00\" \/>\n<meta property=\"article:modified_time\" content=\"2024-12-23T11:21:50+00:00\" \/>\n<meta property=\"og:image\" content=\"https:\/\/auditoriya.az\/wp-content\/uploads\/2024\/05\/Prezident-Ilham-Eliyev-Susada.jpg\" \/>\n\t<meta property=\"og:image:width\" content=\"1340\" \/>\n\t<meta property=\"og:image:height\" content=\"950\" \/>\n\t<meta property=\"og:image:type\" content=\"image\/jpeg\" \/>\n<meta name=\"author\" content=\"admin\" \/>\n<meta name=\"twitter:card\" content=\"summary_large_image\" \/>\n<meta name=\"twitter:label1\" content=\"Written by\" \/>\n\t<meta name=\"twitter:data1\" content=\"admin\" \/>\n\t<meta name=\"twitter:label2\" content=\"Est. reading time\" \/>\n\t<meta name=\"twitter:data2\" content=\"4 minutes\" \/>\n<script type=\"application\/ld+json\" class=\"yoast-schema-graph\">{\"@context\":\"https:\/\/schema.org\",\"@graph\":[{\"@type\":\"WebPage\",\"@id\":\"https:\/\/auditoriya.az\/?p=2474\",\"url\":\"https:\/\/auditoriya.az\/?p=2474\",\"name\":\"D\u00fcnyada s\u00fclh\u00fc v\u0259 konstruktiv \u0259m\u0259kda\u015fl\u0131\u011f\u0131 t\u0259r\u0259nn\u00fcm ed\u0259n Prezident \u0130lham \u018fliyevin beyn\u0259lxalq t\u0259\u015f\u0259bb\u00fcsl\u0259ri m\u00fch\u00fcm \u0259h\u0259miyy\u0259t k\u0259sb edir - AUD\u0130TOR\u0130YA.AZ\",\"isPartOf\":{\"@id\":\"https:\/\/auditoriya.az\/#website\"},\"datePublished\":\"2024-12-23T11:21:34+00:00\",\"dateModified\":\"2024-12-23T11:21:50+00:00\",\"author\":{\"@id\":\"https:\/\/auditoriya.az\/#\/schema\/person\/ac4ea1d12bf25b1e864c62335d7e0053\"},\"breadcrumb\":{\"@id\":\"https:\/\/auditoriya.az\/?p=2474#breadcrumb\"},\"inLanguage\":\"az\",\"potentialAction\":[{\"@type\":\"ReadAction\",\"target\":[\"https:\/\/auditoriya.az\/?p=2474\"]}]},{\"@type\":\"BreadcrumbList\",\"@id\":\"https:\/\/auditoriya.az\/?p=2474#breadcrumb\",\"itemListElement\":[{\"@type\":\"ListItem\",\"position\":1,\"name\":\"Home\",\"item\":\"https:\/\/auditoriya.az\/\"},{\"@type\":\"ListItem\",\"position\":2,\"name\":\"D\u00fcnyada s\u00fclh\u00fc v\u0259 konstruktiv \u0259m\u0259kda\u015fl\u0131\u011f\u0131 t\u0259r\u0259nn\u00fcm ed\u0259n Prezident \u0130lham \u018fliyevin beyn\u0259lxalq t\u0259\u015f\u0259bb\u00fcsl\u0259ri m\u00fch\u00fcm \u0259h\u0259miyy\u0259t k\u0259sb edir\"}]},{\"@type\":\"WebSite\",\"@id\":\"https:\/\/auditoriya.az\/#website\",\"url\":\"https:\/\/auditoriya.az\/\",\"name\":\"AUD\u0130TOR\u0130YA.AZ\",\"description\":\"X\u0259b\u0259rl\u0259rin geni\u015f auditoriyas\u0131\",\"potentialAction\":[{\"@type\":\"SearchAction\",\"target\":{\"@type\":\"EntryPoint\",\"urlTemplate\":\"https:\/\/auditoriya.az\/?s={search_term_string}\"},\"query-input\":\"required name=search_term_string\"}],\"inLanguage\":\"az\"},{\"@type\":\"Person\",\"@id\":\"https:\/\/auditoriya.az\/#\/schema\/person\/ac4ea1d12bf25b1e864c62335d7e0053\",\"name\":\"admin\",\"sameAs\":[\"https:\/\/auditoriya.az\"],\"url\":\"https:\/\/auditoriya.az\/?author=1\"}]}<\/script>\n<!-- \/ Yoast SEO plugin. -->","yoast_head_json":{"title":"D\u00fcnyada s\u00fclh\u00fc v\u0259 konstruktiv \u0259m\u0259kda\u015fl\u0131\u011f\u0131 t\u0259r\u0259nn\u00fcm ed\u0259n Prezident \u0130lham \u018fliyevin beyn\u0259lxalq t\u0259\u015f\u0259bb\u00fcsl\u0259ri m\u00fch\u00fcm \u0259h\u0259miyy\u0259t k\u0259sb edir - AUD\u0130TOR\u0130YA.AZ","robots":{"index":"noindex","follow":"follow","max-snippet":"max-snippet:-1","max-image-preview":"max-image-preview:large","max-video-preview":"max-video-preview:-1"},"og_locale":"az_AZ","og_type":"article","og_title":"D\u00fcnyada s\u00fclh\u00fc v\u0259 konstruktiv \u0259m\u0259kda\u015fl\u0131\u011f\u0131 t\u0259r\u0259nn\u00fcm ed\u0259n Prezident \u0130lham \u018fliyevin beyn\u0259lxalq t\u0259\u015f\u0259bb\u00fcsl\u0259ri m\u00fch\u00fcm \u0259h\u0259miyy\u0259t k\u0259sb edir - AUD\u0130TOR\u0130YA.AZ","og_description":"Regional t\u0259\u015f\u0259bb\u00fcsl\u0259r Az\u0259rbaycan\u0131n m\u00f6hk\u0259ml\u0259nm\u0259sin\u0259, b\u00f6lg\u0259d\u0259ki \u0259m\u0259kda\u015fl\u0131\u011f\u0131n d\u0259rinl\u0259\u015fm\u0259sin\u0259 xidm\u0259t etdi. Az\u0259rbaycan Prezidentinin y\u00fcr\u00fctd\u00fcy\u00fc u\u011furlu xarici siyas\u0259t n\u0259tic\u0259sind\u0259 \u00f6lk\u0259miz 2012-ci ild\u0259 BMT T\u0259hl\u00fck\u0259sizlik \u015euras\u0131n\u0131n qeyri-daimi \u00fczv\u00fc se\u00e7ildi, d\u00fcnyada beyn\u0259lxalq t\u0259\u015fkilatlar Erm\u0259nistan\u0131 i\u015f\u011fal\u00e7\u0131 d\u00f6vl\u0259t kimi tan\u0131d\u0131. Az\u0259rbaycan\u0131n 155 d\u00f6vl\u0259tin d\u0259st\u0259yi il\u0259 BMT T\u0259hl\u00fck\u0259sizlik \u015euras\u0131na qeyri-daimi \u00fczv se\u00e7ilm\u0259si, h\u0259m\u00e7inin 120 d\u00f6vl\u0259tin t\u0259msil olundu\u011fu Qo\u015fulmama H\u0259r\u0259kat\u0131na 2019-2023-c\u00fc ill\u0259rd\u0259 s\u0259drlik etm\u0259si...","og_url":"https:\/\/auditoriya.az\/?p=2474","og_site_name":"AUD\u0130TOR\u0130YA.AZ","article_published_time":"2024-12-23T11:21:34+00:00","article_modified_time":"2024-12-23T11:21:50+00:00","og_image":[{"width":1340,"height":950,"url":"https:\/\/auditoriya.az\/wp-content\/uploads\/2024\/05\/Prezident-Ilham-Eliyev-Susada.jpg","type":"image\/jpeg"}],"author":"admin","twitter_card":"summary_large_image","twitter_misc":{"Written by":"admin","Est. reading time":"4 minutes"},"schema":{"@context":"https:\/\/schema.org","@graph":[{"@type":"WebPage","@id":"https:\/\/auditoriya.az\/?p=2474","url":"https:\/\/auditoriya.az\/?p=2474","name":"D\u00fcnyada s\u00fclh\u00fc v\u0259 konstruktiv \u0259m\u0259kda\u015fl\u0131\u011f\u0131 t\u0259r\u0259nn\u00fcm ed\u0259n Prezident \u0130lham \u018fliyevin beyn\u0259lxalq t\u0259\u015f\u0259bb\u00fcsl\u0259ri m\u00fch\u00fcm \u0259h\u0259miyy\u0259t k\u0259sb edir - AUD\u0130TOR\u0130YA.AZ","isPartOf":{"@id":"https:\/\/auditoriya.az\/#website"},"datePublished":"2024-12-23T11:21:34+00:00","dateModified":"2024-12-23T11:21:50+00:00","author":{"@id":"https:\/\/auditoriya.az\/#\/schema\/person\/ac4ea1d12bf25b1e864c62335d7e0053"},"breadcrumb":{"@id":"https:\/\/auditoriya.az\/?p=2474#breadcrumb"},"inLanguage":"az","potentialAction":[{"@type":"ReadAction","target":["https:\/\/auditoriya.az\/?p=2474"]}]},{"@type":"BreadcrumbList","@id":"https:\/\/auditoriya.az\/?p=2474#breadcrumb","itemListElement":[{"@type":"ListItem","position":1,"name":"Home","item":"https:\/\/auditoriya.az\/"},{"@type":"ListItem","position":2,"name":"D\u00fcnyada s\u00fclh\u00fc v\u0259 konstruktiv \u0259m\u0259kda\u015fl\u0131\u011f\u0131 t\u0259r\u0259nn\u00fcm ed\u0259n Prezident \u0130lham \u018fliyevin beyn\u0259lxalq t\u0259\u015f\u0259bb\u00fcsl\u0259ri m\u00fch\u00fcm \u0259h\u0259miyy\u0259t k\u0259sb edir"}]},{"@type":"WebSite","@id":"https:\/\/auditoriya.az\/#website","url":"https:\/\/auditoriya.az\/","name":"AUD\u0130TOR\u0130YA.AZ","description":"X\u0259b\u0259rl\u0259rin geni\u015f auditoriyas\u0131","potentialAction":[{"@type":"SearchAction","target":{"@type":"EntryPoint","urlTemplate":"https:\/\/auditoriya.az\/?s={search_term_string}"},"query-input":"required name=search_term_string"}],"inLanguage":"az"},{"@type":"Person","@id":"https:\/\/auditoriya.az\/#\/schema\/person\/ac4ea1d12bf25b1e864c62335d7e0053","name":"admin","sameAs":["https:\/\/auditoriya.az"],"url":"https:\/\/auditoriya.az\/?author=1"}]}},"post_mailing_queue_ids":[],"_links":{"self":[{"href":"https:\/\/auditoriya.az\/index.php?rest_route=\/wp\/v2\/posts\/2474","targetHints":{"allow":["GET"]}}],"collection":[{"href":"https:\/\/auditoriya.az\/index.php?rest_route=\/wp\/v2\/posts"}],"about":[{"href":"https:\/\/auditoriya.az\/index.php?rest_route=\/wp\/v2\/types\/post"}],"author":[{"embeddable":true,"href":"https:\/\/auditoriya.az\/index.php?rest_route=\/wp\/v2\/users\/1"}],"replies":[{"embeddable":true,"href":"https:\/\/auditoriya.az\/index.php?rest_route=%2Fwp%2Fv2%2Fcomments&post=2474"}],"version-history":[{"count":1,"href":"https:\/\/auditoriya.az\/index.php?rest_route=\/wp\/v2\/posts\/2474\/revisions"}],"predecessor-version":[{"id":2475,"href":"https:\/\/auditoriya.az\/index.php?rest_route=\/wp\/v2\/posts\/2474\/revisions\/2475"}],"wp:featuredmedia":[{"embeddable":true,"href":"https:\/\/auditoriya.az\/index.php?rest_route=\/wp\/v2\/media\/1508"}],"wp:attachment":[{"href":"https:\/\/auditoriya.az\/index.php?rest_route=%2Fwp%2Fv2%2Fmedia&parent=2474"}],"wp:term":[{"taxonomy":"category","embeddable":true,"href":"https:\/\/auditoriya.az\/index.php?rest_route=%2Fwp%2Fv2%2Fcategories&post=2474"},{"taxonomy":"post_tag","embeddable":true,"href":"https:\/\/auditoriya.az\/index.php?rest_route=%2Fwp%2Fv2%2Ftags&post=2474"}],"curies":[{"name":"wp","href":"https:\/\/api.w.org\/{rel}","templated":true}]}}