{"id":2458,"date":"2024-12-20T10:22:11","date_gmt":"2024-12-20T10:22:11","guid":{"rendered":"https:\/\/auditoriya.az\/?p=2458"},"modified":"2024-12-20T10:22:25","modified_gmt":"2024-12-20T10:22:25","slug":"r%c9%99smi-baki-m%c9%99hz-buna-gor%c9%99-gurcustan-amilin%c9%99-boyuk-%c9%99h%c9%99miyy%c9%99t-verir","status":"publish","type":"post","link":"https:\/\/auditoriya.az\/?p=2458","title":{"rendered":"R\u0259smi Bak\u0131 m\u0259hz buna g\u00f6r\u0259 G\u00fcrc\u00fcstan amilin\u0259 b\u00f6y\u00fck \u0259h\u0259miyy\u0259t verir"},"content":{"rendered":"\n<p>Prezident \u0130lham \u018fliyevin \u00dcmumrusiya D\u00f6vl\u0259t Televiziya v\u0259 Radio Yay\u0131m\u0131 \u015eirk\u0259ti v\u0259 Rusiyan\u0131n \u201cR\u0130A Novosti\u201d Agentliyi \u00fc\u00e7\u00fcn \u201cRossiya Seqodnya\u201d Beyn\u0259lxalq \u0130nformasiya Agentliyinin Ba\u015f direktoru, \u201cRossiya-1\u201d televiziya kanal\u0131nda \u201cVesti nedeli\u201d proqram\u0131n\u0131n m\u00fc\u0259llifi v\u0259 apar\u0131c\u0131s\u0131 Dmitri Kiselyova verdiyi m\u00fcsahib\u0259 d\u00f6vl\u0259timizin ba\u015f\u00e7\u0131s\u0131n\u0131n regionun, b\u00fct\u00fcnl\u00fckd\u0259 is\u0259 d\u00fcnya il\u0259 ba\u011fl\u0131 narahatl\u0131\u011f\u0131n\u0131n izhar\u0131 idi. Az\u0259rbaycan-Rusiya m\u00fcnasib\u0259tl\u0259ri, Az\u0259rbaycan-G\u00fcrc\u00fcstan, Az\u0259rbaycan-T\u00fcrkiy\u0259, Az\u0259rbaycan-Erm\u0259nistan, Az\u0259rbaycan-Fransa v\u0259 Az\u0259rbaycan-AB\u015e aras\u0131nda m\u00fcnasib\u0259tl\u0259rin diplomatik s\u0259viyy\u0259l\u0259rd\u0259 s\u0259ciyy\u0259sini meydana qoyan \u0130lham \u018fliyev f\u0259rdi \u00fcslub, t\u0259rz, d\u0259st-x\u0259t s\u0259pgisind\u0259 \u00fcmumi m\u00fc\u015fahid\u0259l\u0259rin do\u011fru-d\u0259qiq t\u0259hlilini verir. H\u0259qiq\u0259t\u0259n, haz\u0131rda G\u00fcrc\u00fcstan u\u011frunda d\u00f6y\u00fc\u015f gedir. El\u0259 bir d\u00f6y\u00fc\u015f ki, onun Az\u0259rbaycana t\u0259siri \u015f\u00fcbh\u0259sizdir. R\u0259smi Bak\u0131 m\u0259hz buna g\u00f6r\u0259 G\u00fcrc\u00fcstan amilin\u0259 b\u00f6y\u00fck \u0259h\u0259miyy\u0259t verir, d\u00f6vl\u0259timizin ba\u015f\u00e7\u0131s\u0131 orada ya\u015fananlar\u0131n g\u00f6r\u00fcnd\u00fcy\u00fcnd\u0259n daha geni\u015f mahiyy\u0259t da\u015f\u0131d\u0131\u011f\u0131n\u0131 vur\u011fulay\u0131r.<\/p>\n\n\n\n<p>Qafqaz u\u011frunda d\u00f6y\u00fc\u015f amans\u0131zd\u0131r. Qalib g\u0259lm\u0259y\u0259 \u00e7al\u0131\u015fan Q\u0259rb b\u00fct\u00fcn riyakarl\u0131qlar\u0131 il\u0259 G\u00fcrc\u00fcstana k\u00f6kl\u0259nib v\u0259 onun yana\u015fmas\u0131 demokratik prinsipl\u0259ri he\u00e7\u0259 saymaqd\u0131r. Q\u0259rb, n\u0259yin bahas\u0131na olursa-olsun, g\u00fcrc\u00fc iqtidar\u0131n\u0131 devirm\u0259k v\u0259 \u00f6z\u00fcn\u0259 s\u0259rf\u0259li q\u00fcvv\u0259l\u0259ri hakimiyy\u0259t\u0259 g\u0259tirm\u0259k bar\u0259d\u0259 d\u00fc\u015f\u00fcn\u00fcr v\u0259 planlar\u0131n\u0131 realla\u015fd\u0131rmaqda israrl\u0131d\u0131r.<\/p>\n\n\n\n<p>Prezident \u0130lham \u018fliyev m\u00fcsahib\u0259sind\u0259 G\u00fcrc\u00fcstandak\u0131 v\u0259ziyy\u0259tin haz\u0131rk\u0131 m\u0259craya d\u00fc\u015fm\u0259sinin daxili s\u0259b\u0259bl\u0259rin\u0259 ayd\u0131nl\u0131q g\u0259tirib. Bu s\u0259b\u0259bl\u0259r g\u00f6zl\u0259r \u00f6n\u00fcnd\u0259 Az\u0259rbaycan\u0131n ke\u00e7diyi yolu canland\u0131r\u0131r. Ax\u0131 indi G\u00fcrc\u00fcstanda aran\u0131 qar\u0131\u015fd\u0131rmaq ist\u0259y\u0259nl\u0259r bir vaxtlar \u00f6lk\u0259mizd\u0259 d\u0259 \u201caktivlik\u201d g\u00f6st\u0259rir, v\u0259t\u0259nda\u015f qar\u015f\u0131durmas\u0131n yaratma\u011fa, xalq\u2013hakimiyy\u0259t v\u0259hd\u0259tini pozma\u011fa \u00e7al\u0131\u015f\u0131rd\u0131lar. M\u0259qs\u0259dl\u0259ri \u00f6zl\u0259rin\u0259 s\u0259rf\u0259li marionet iqtidar formala\u015fd\u0131rmaq idi. El\u0259 bir iqtidar ki, direktivl\u0259ri v\u0259 \u0259mrl\u0259ri sor\u011fu-suals\u0131z yerin\u0259 yetirsin, ist\u0259nil\u0259n an avant\u00fcra \u00fc\u00e7\u00fcn al\u0259t\u0259 \u00e7evrilsin. Bir s\u00f6zl\u0259, haz\u0131rk\u0131 Erm\u0259nistan kimi bir qurulu\u015f yaratmaq e\u015fqin\u0259 d\u00fc\u015fm\u00fc\u015fd\u00fcl\u0259r. Amma bacarmad\u0131lar v\u0259 onlar indi G\u00fcrc\u00fcstanda t\u0259\u015f\u0259bb\u00fcs\u0259 yiy\u0259l\u0259nm\u0259kl\u0259, Erm\u0259nistanla yana\u015f\u0131, bu \u00f6lk\u0259ni d\u0259 t\u0259sir alt\u0131na al\u0131b saxta demokratiya tandemi formala\u015fd\u0131rmaq iddias\u0131ndad\u0131rlar. Tandemi Az\u0259rbaycana qar\u015f\u0131 qoyma\u011f\u0131, ondan regional layih\u0259l\u0259r bax\u0131m\u0131ndan \u00f6lk\u0259miz\u0259 t\u0259zyiq vasit\u0259si kimi b\u0259hr\u0259l\u0259nm\u0259yi d\u00fc\u015f\u00fcn\u00fcrl\u0259r. \u018flb\u0259tt\u0259, m\u0259qs\u0259dl\u0259rin\u0259 \u00e7atmalar\u0131 m\u00fcmk\u00fcns\u00fczd\u00fcr. Prezident \u0130lham \u018fliyevin fikirl\u0259ri d\u0259 buna \u0259minlik yarad\u0131r: \u201cG\u00f6r\u00fcr\u0259m ki, G\u00fcrc\u00fcstanda v\u0259ziyy\u0259t sabitl\u0259\u015fir. Biz buna \u015fad\u0131q. G\u00fcrc\u00fcstan bizim \u00fc\u00e7\u00fcn \u00e7ox m\u00fch\u00fcm t\u0259r\u0259fda\u015f v\u0259 yax\u0131n dostdur. Uzun \u0259srl\u0259rdir ki, xalqlar\u0131m\u0131z s\u00fclh v\u0259 \u0259min-amanl\u0131q \u015f\u0259raitind\u0259 ya\u015fay\u0131r. Ona g\u00f6r\u0259 d\u0259 G\u00fcrc\u00fcstanda sabitliyin pozulmas\u0131 v\u0259 ya sabitliyin pozulmas\u0131 t\u0259hl\u00fck\u0259si G\u00fcrc\u00fcstan \u00fc\u00e7\u00fcn oldu\u011fu kimi, Az\u0259rbaycan \u00fc\u00e7\u00fcn d\u0259 z\u0259r\u0259rlidir. Bu s\u0259b\u0259bd\u0259n biz \u00f6z t\u0259r\u0259fimizd\u0259n \u00e7al\u0131\u015f\u0131r\u0131q v\u0259 b\u00fct\u00fcn add\u0131mlar\u0131 at\u0131r\u0131q ki, G\u00fcrc\u00fcstanda v\u0259ziyy\u0259t siyasi m\u0259crada sabit olsun, G\u00fcrc\u00fcstan u\u011furla inki\u015faf etsin\u201d.<\/p>\n\n\n\n<p>Prezident \u0130lham \u018fliyev davaml\u0131 s\u00fclh\u0259 nail olunmas\u0131nda m\u0259s\u0259l\u0259nin bird\u0259f\u0259lik h\u0259lli \u00fc\u00e7\u00fcn n\u0259 etm\u0259k laz\u0131m g\u0259ldiyini ayd\u0131n \u015f\u0259kild\u0259 a\u00e7\u0131qlay\u0131r. Bunun \u00fc\u00e7\u00fcn Erm\u0259nistan \u00f6z Konstitusiyas\u0131nda d\u0259yi\u015fiklik etm\u0259lidir. \u018fks t\u0259qdird\u0259, Erm\u0259nistan Konstitusiyas\u0131 indiki formada qalarsa, s\u00fclh sazi\u015fi yar\u0131m\u00e7\u0131q v\u0259 q\u0131sam\u00fcdd\u0259tli olacaq. N\u00f6vb\u0259ti ill\u0259rd\u0259 Az\u0259rbaycanla s\u00fclh\u0259 qar\u015f\u0131 \u00e7\u0131xan h\u0259r hans\u0131 yeni Erm\u0259nistan r\u0259hb\u0259rliyi sazi\u015fin h\u00fcquqi c\u0259h\u0259td\u0259n daha \u00fcst\u00fcn olan konstitusiyaya uy\u011fun olmad\u0131\u011f\u0131n\u0131 \u0259sas g\u0259tir\u0259r\u0259k onu denonsasiya ed\u0259c\u0259k. Buna g\u00f6r\u0259, yeni m\u00fcnaqi\u015f\u0259l\u0259r\u0259 z\u0259min verm\u0259m\u0259k \u00fc\u00e7\u00fcn he\u00e7 bir h\u00fcquqi bo\u015flu\u011fa yer verilm\u0259m\u0259lidir: \u201cErm\u0259ni t\u0259r\u0259finin h\u0259yata ke\u00e7irm\u0259li oldu\u011fu daha iki m\u0259qam var. Birincisi, \u00f6z Konstitusiyas\u0131n\u0131 d\u0259yi\u015fm\u0259kdir. \u00c7\u00fcnki konstitusiyada Az\u0259rbaycana \u0259razi iddialar\u0131n\u0131n yer ald\u0131\u011f\u0131 m\u00fcst\u0259qillik B\u0259yannam\u0259sin\u0259 istinad var, burada ke\u00e7mi\u015f Da\u011fl\u0131q Qaraba\u011f muxtar vilay\u0259ti Erm\u0259nistan\u0131n bir hiss\u0259si elan olunur. Ona g\u00f6r\u0259 d\u0259 Konstitusiyan\u0131n d\u0259yi\u015fdirilm\u0259si bizim ist\u0259yimiz deyil, sad\u0259c\u0259 obyektiv \u015f\u0259rtdir\u201d.<\/p>\n\n\n\n<p>M\u00fcsahib\u0259d\u0259 yer alan \u0259h\u0259miyy\u0259tli m\u0259qamlardan biri d\u0259 COP29-un n\u0259tic\u0259l\u0259ri il\u0259 ba\u011fl\u0131 idi. Bu c\u00fcr m\u00f6t\u0259b\u0259r t\u0259dbir\u0259 ev sahibliyi ed\u0259n Az\u0259rbaycan\u0131n d\u00f6vl\u0259t ba\u015f\u00e7\u0131s\u0131na bel\u0259 bir sual\u0131n \u00fcnvanlanmas\u0131 g\u00f6zl\u0259nil\u0259n idi. COP29 d\u00fcnyan\u0131n ekoloji bax\u0131mdan, iqlim t\u0259hl\u00fck\u0259sizliyi fonunda t\u0259hl\u00fck\u0259sizliyini d\u00fc\u015f\u00fcn\u0259n platformad\u0131r. D\u00fcnyan\u0131n ya\u015f\u0131l enerji il\u0259 t\u0259minat\u0131nda bu t\u0259dbirin ke\u00e7irilm\u0259sinin m\u00fcst\u0259sna \u0259h\u0259miyy\u0259ti oldu. Az\u0259rbaycan neft v\u0259 qaz hasilat\u0131ndan \u0259ld\u0259 etdiyi g\u0259lirl\u0259ri ya\u015f\u0131l enerjiy\u0259 yat\u0131rd\u0131, qlobal istixana qaz\u0131 emissiyalar\u0131nda pay\u0131n\u0131n c\u0259mi 0,1 faiz t\u0259\u015fkil etdiyi Az\u0259rbaycan n\u00fcmun\u0259vi \u00f6lk\u0259 kimi daha ki\u00e7ik emissiya pay\u0131na sahib d\u00f6vl\u0259tl\u0259rin iqlim d\u0259yi\u015fm\u0259l\u0259ri il\u0259 m\u00fcbariz\u0259y\u0259 \u0259h\u0259miyy\u0259tli t\u00f6hf\u0259l\u0259r ver\u0259 bil\u0259c\u0259yini n\u00fcmayi\u015f etdirdi, d\u00f6vl\u0259t ba\u015f\u00e7\u0131lar\u0131n\u0131 b\u0259\u015f\u0259riyy\u0259t namin\u0259 konstruktiv \u015f\u0259kild\u0259 v\u0259 xo\u015f m\u0259ramla \u0259m\u0259kda\u015fl\u0131q etm\u0259y\u0259 \u00e7a\u011f\u0131rd\u0131 v\u0259 bu \u00e7a\u011f\u0131r\u0131\u015f bu g\u00fcn d\u0259 davam edir.&nbsp;<\/p>\n\n\n\n<p>Yeni geosiyasi reall\u0131qlar\u0131 Az\u0259rbaycan \u00f6z\u00fc yaratd\u0131 v\u0259 yaratd\u0131\u011f\u0131 bu yeni reall\u0131qlarla regionun t\u0259hl\u00fck\u0259sizliyinin yegan\u0259 t\u0259minat\u00e7\u0131s\u0131 oldu\u011funu b\u00fct\u00fcn d\u00fcnyaya g\u00f6st\u0259rdi. Az\u0259rbaycan suverenliyini tam \u015f\u0259kild\u0259 t\u0259min etdi, xarici t\u0259zyiql\u0259r\u0259 v\u0259 h\u0259ml\u0259l\u0259r\u0259 baxmayaraq, siyasi irad\u0259sind\u0259n d\u00f6nm\u0259di v\u0259 q\u0259tiyy\u0259t n\u00fcmayi\u015f etdirdi. Bu g\u00fcn Az\u0259rbaycan regionun s\u00f6z sahibidir. Az\u0259rbaycan\u0131n \u00f6z suverenliyini b\u0259rpa etm\u0259si il\u0259 el\u0259 bir geosiyasi reall\u0131q yarand\u0131 ki, \u0259ld\u0259 edil\u0259n bu tarixi nailiyy\u0259tl\u0259 Az\u0259rbaycan T\u00fcrk d\u00fcnyas\u0131 aras\u0131ndak\u0131 tarixi k\u00f6rp\u00fcn\u00fcn daimiliyini t\u0259min etmi\u015f oldu. S\u00f6z\u00fcn h\u0259qiq m\u0259nas\u0131nda T\u00fcrk d\u00fcnyas\u0131 aras\u0131ndak\u0131 k\u00f6rp\u00fcn\u00fc m\u0259hz Az\u0259rbaycan oynay\u0131r. Az\u0259rbaycan yeni mar\u015frutlar qov\u015fa\u011f\u0131d\u0131r ki, bu da Az\u0259rbaycanla s\u0259mimi m\u00fcnasib\u0259tl\u0259ri v\u0259 t\u0259r\u0259fda\u015fl\u0131\u011f\u0131 qa\u00e7\u0131lmaz edir. Bundan ba\u015fqa, yaranan yeosiyasi reall\u0131qlar post-sovet \u00f6lk\u0259l\u0259ri \u00fc\u00e7\u00fcn qlobal g\u00fccl\u0259rl\u0259, neokolonist d\u00f6vl\u0259tl\u0259rl\u0259 m\u00fcnasib\u0259tl\u0259rin qurulmas\u0131 istiqam\u0259tind\u0259 Az\u0259rbaycan\u0131n model d\u00f6vl\u0259t oldu\u011funu s\u00fcbut etdi v\u0259 g\u00f6st\u0259rdi ki, d\u00f6vl\u0259tl\u0259raras\u0131 m\u00fcnasib\u0259tl\u0259r yaln\u0131z v\u0259 yaln\u0131z milli maraqlara s\u00f6yk\u0259nm\u0259lidir.<\/p>\n\n\n\n<p><strong>Niyam\u0259ddin \u018fsg\u0259rov, YAP Beyl\u0259qan rayon t\u0259\u015fkilat\u0131n\u0131n s\u0259dr m\u00fcavini<\/strong><\/p>\n","protected":false},"excerpt":{"rendered":"<p>Prezident \u0130lham \u018fliyevin \u00dcmumrusiya D\u00f6vl\u0259t Televiziya v\u0259 Radio Yay\u0131m\u0131 \u015eirk\u0259ti v\u0259 Rusiyan\u0131n \u201cR\u0130A Novosti\u201d Agentliyi \u00fc\u00e7\u00fcn \u201cRossiya Seqodnya\u201d Beyn\u0259lxalq \u0130nformasiya Agentliyinin Ba\u015f direktoru, \u201cRossiya-1\u201d televiziya kanal\u0131nda \u201cVesti nedeli\u201d proqram\u0131n\u0131n m\u00fc\u0259llifi v\u0259 apar\u0131c\u0131s\u0131 Dmitri Kiselyova verdiyi m\u00fcsahib\u0259 d\u00f6vl\u0259timizin ba\u015f\u00e7\u0131s\u0131n\u0131n regionun, b\u00fct\u00fcnl\u00fckd\u0259 is\u0259 d\u00fcnya il\u0259 ba\u011fl\u0131 narahatl\u0131\u011f\u0131n\u0131n izhar\u0131 idi. Az\u0259rbaycan-Rusiya m\u00fcnasib\u0259tl\u0259ri, Az\u0259rbaycan-G\u00fcrc\u00fcstan, Az\u0259rbaycan-T\u00fcrkiy\u0259, Az\u0259rbaycan-Erm\u0259nistan, Az\u0259rbaycan-Fransa v\u0259 Az\u0259rbaycan-AB\u015e&#8230;<\/p>\n","protected":false},"author":1,"featured_media":2459,"comment_status":"closed","ping_status":"closed","sticky":false,"template":"","format":"standard","meta":{"footnotes":""},"categories":[23],"tags":[],"class_list":["post-2458","post","type-post","status-publish","format-standard","has-post-thumbnail","hentry","category-gundem"],"yoast_head":"<!-- This site is optimized with the Yoast SEO plugin v21.7 - https:\/\/yoast.com\/wordpress\/plugins\/seo\/ -->\n<title>R\u0259smi Bak\u0131 m\u0259hz buna g\u00f6r\u0259 G\u00fcrc\u00fcstan amilin\u0259 b\u00f6y\u00fck \u0259h\u0259miyy\u0259t verir - AUD\u0130TOR\u0130YA.AZ<\/title>\n<meta name=\"robots\" content=\"noindex, follow, max-snippet:-1, max-image-preview:large, max-video-preview:-1\" \/>\n<meta property=\"og:locale\" content=\"az_AZ\" \/>\n<meta property=\"og:type\" content=\"article\" \/>\n<meta property=\"og:title\" content=\"R\u0259smi Bak\u0131 m\u0259hz buna g\u00f6r\u0259 G\u00fcrc\u00fcstan amilin\u0259 b\u00f6y\u00fck \u0259h\u0259miyy\u0259t verir - AUD\u0130TOR\u0130YA.AZ\" \/>\n<meta property=\"og:description\" content=\"Prezident \u0130lham \u018fliyevin \u00dcmumrusiya D\u00f6vl\u0259t Televiziya v\u0259 Radio Yay\u0131m\u0131 \u015eirk\u0259ti v\u0259 Rusiyan\u0131n \u201cR\u0130A Novosti\u201d Agentliyi \u00fc\u00e7\u00fcn \u201cRossiya Seqodnya\u201d Beyn\u0259lxalq \u0130nformasiya Agentliyinin Ba\u015f direktoru, \u201cRossiya-1\u201d televiziya kanal\u0131nda \u201cVesti nedeli\u201d proqram\u0131n\u0131n m\u00fc\u0259llifi v\u0259 apar\u0131c\u0131s\u0131 Dmitri Kiselyova verdiyi m\u00fcsahib\u0259 d\u00f6vl\u0259timizin ba\u015f\u00e7\u0131s\u0131n\u0131n regionun, b\u00fct\u00fcnl\u00fckd\u0259 is\u0259 d\u00fcnya il\u0259 ba\u011fl\u0131 narahatl\u0131\u011f\u0131n\u0131n izhar\u0131 idi. Az\u0259rbaycan-Rusiya m\u00fcnasib\u0259tl\u0259ri, Az\u0259rbaycan-G\u00fcrc\u00fcstan, Az\u0259rbaycan-T\u00fcrkiy\u0259, Az\u0259rbaycan-Erm\u0259nistan, Az\u0259rbaycan-Fransa v\u0259 Az\u0259rbaycan-AB\u015e...\" \/>\n<meta property=\"og:url\" content=\"https:\/\/auditoriya.az\/?p=2458\" \/>\n<meta property=\"og:site_name\" content=\"AUD\u0130TOR\u0130YA.AZ\" \/>\n<meta property=\"article:published_time\" content=\"2024-12-20T10:22:11+00:00\" \/>\n<meta property=\"article:modified_time\" content=\"2024-12-20T10:22:25+00:00\" \/>\n<meta property=\"og:image\" content=\"https:\/\/auditoriya.az\/wp-content\/uploads\/2024\/12\/20803bccebf9f54a796245163115f555_8946811.jpg\" \/>\n\t<meta property=\"og:image:width\" content=\"2360\" \/>\n\t<meta property=\"og:image:height\" content=\"1196\" \/>\n\t<meta property=\"og:image:type\" content=\"image\/jpeg\" \/>\n<meta name=\"author\" content=\"admin\" \/>\n<meta name=\"twitter:card\" content=\"summary_large_image\" \/>\n<meta name=\"twitter:label1\" content=\"Written by\" \/>\n\t<meta name=\"twitter:data1\" content=\"admin\" \/>\n\t<meta name=\"twitter:label2\" content=\"Est. reading time\" \/>\n\t<meta name=\"twitter:data2\" content=\"4 minutes\" \/>\n<script type=\"application\/ld+json\" class=\"yoast-schema-graph\">{\"@context\":\"https:\/\/schema.org\",\"@graph\":[{\"@type\":\"WebPage\",\"@id\":\"https:\/\/auditoriya.az\/?p=2458\",\"url\":\"https:\/\/auditoriya.az\/?p=2458\",\"name\":\"R\u0259smi Bak\u0131 m\u0259hz buna g\u00f6r\u0259 G\u00fcrc\u00fcstan amilin\u0259 b\u00f6y\u00fck \u0259h\u0259miyy\u0259t verir - AUD\u0130TOR\u0130YA.AZ\",\"isPartOf\":{\"@id\":\"https:\/\/auditoriya.az\/#website\"},\"datePublished\":\"2024-12-20T10:22:11+00:00\",\"dateModified\":\"2024-12-20T10:22:25+00:00\",\"author\":{\"@id\":\"https:\/\/auditoriya.az\/#\/schema\/person\/ac4ea1d12bf25b1e864c62335d7e0053\"},\"breadcrumb\":{\"@id\":\"https:\/\/auditoriya.az\/?p=2458#breadcrumb\"},\"inLanguage\":\"az\",\"potentialAction\":[{\"@type\":\"ReadAction\",\"target\":[\"https:\/\/auditoriya.az\/?p=2458\"]}]},{\"@type\":\"BreadcrumbList\",\"@id\":\"https:\/\/auditoriya.az\/?p=2458#breadcrumb\",\"itemListElement\":[{\"@type\":\"ListItem\",\"position\":1,\"name\":\"Home\",\"item\":\"https:\/\/auditoriya.az\/\"},{\"@type\":\"ListItem\",\"position\":2,\"name\":\"R\u0259smi Bak\u0131 m\u0259hz buna g\u00f6r\u0259 G\u00fcrc\u00fcstan amilin\u0259 b\u00f6y\u00fck \u0259h\u0259miyy\u0259t verir\"}]},{\"@type\":\"WebSite\",\"@id\":\"https:\/\/auditoriya.az\/#website\",\"url\":\"https:\/\/auditoriya.az\/\",\"name\":\"AUD\u0130TOR\u0130YA.AZ\",\"description\":\"X\u0259b\u0259rl\u0259rin geni\u015f auditoriyas\u0131\",\"potentialAction\":[{\"@type\":\"SearchAction\",\"target\":{\"@type\":\"EntryPoint\",\"urlTemplate\":\"https:\/\/auditoriya.az\/?s={search_term_string}\"},\"query-input\":\"required name=search_term_string\"}],\"inLanguage\":\"az\"},{\"@type\":\"Person\",\"@id\":\"https:\/\/auditoriya.az\/#\/schema\/person\/ac4ea1d12bf25b1e864c62335d7e0053\",\"name\":\"admin\",\"sameAs\":[\"https:\/\/auditoriya.az\"],\"url\":\"https:\/\/auditoriya.az\/?author=1\"}]}<\/script>\n<!-- \/ Yoast SEO plugin. -->","yoast_head_json":{"title":"R\u0259smi Bak\u0131 m\u0259hz buna g\u00f6r\u0259 G\u00fcrc\u00fcstan amilin\u0259 b\u00f6y\u00fck \u0259h\u0259miyy\u0259t verir - AUD\u0130TOR\u0130YA.AZ","robots":{"index":"noindex","follow":"follow","max-snippet":"max-snippet:-1","max-image-preview":"max-image-preview:large","max-video-preview":"max-video-preview:-1"},"og_locale":"az_AZ","og_type":"article","og_title":"R\u0259smi Bak\u0131 m\u0259hz buna g\u00f6r\u0259 G\u00fcrc\u00fcstan amilin\u0259 b\u00f6y\u00fck \u0259h\u0259miyy\u0259t verir - AUD\u0130TOR\u0130YA.AZ","og_description":"Prezident \u0130lham \u018fliyevin \u00dcmumrusiya D\u00f6vl\u0259t Televiziya v\u0259 Radio Yay\u0131m\u0131 \u015eirk\u0259ti v\u0259 Rusiyan\u0131n \u201cR\u0130A Novosti\u201d Agentliyi \u00fc\u00e7\u00fcn \u201cRossiya Seqodnya\u201d Beyn\u0259lxalq \u0130nformasiya Agentliyinin Ba\u015f direktoru, \u201cRossiya-1\u201d televiziya kanal\u0131nda \u201cVesti nedeli\u201d proqram\u0131n\u0131n m\u00fc\u0259llifi v\u0259 apar\u0131c\u0131s\u0131 Dmitri Kiselyova verdiyi m\u00fcsahib\u0259 d\u00f6vl\u0259timizin ba\u015f\u00e7\u0131s\u0131n\u0131n regionun, b\u00fct\u00fcnl\u00fckd\u0259 is\u0259 d\u00fcnya il\u0259 ba\u011fl\u0131 narahatl\u0131\u011f\u0131n\u0131n izhar\u0131 idi. Az\u0259rbaycan-Rusiya m\u00fcnasib\u0259tl\u0259ri, Az\u0259rbaycan-G\u00fcrc\u00fcstan, Az\u0259rbaycan-T\u00fcrkiy\u0259, Az\u0259rbaycan-Erm\u0259nistan, Az\u0259rbaycan-Fransa v\u0259 Az\u0259rbaycan-AB\u015e...","og_url":"https:\/\/auditoriya.az\/?p=2458","og_site_name":"AUD\u0130TOR\u0130YA.AZ","article_published_time":"2024-12-20T10:22:11+00:00","article_modified_time":"2024-12-20T10:22:25+00:00","og_image":[{"width":2360,"height":1196,"url":"https:\/\/auditoriya.az\/wp-content\/uploads\/2024\/12\/20803bccebf9f54a796245163115f555_8946811.jpg","type":"image\/jpeg"}],"author":"admin","twitter_card":"summary_large_image","twitter_misc":{"Written by":"admin","Est. reading time":"4 minutes"},"schema":{"@context":"https:\/\/schema.org","@graph":[{"@type":"WebPage","@id":"https:\/\/auditoriya.az\/?p=2458","url":"https:\/\/auditoriya.az\/?p=2458","name":"R\u0259smi Bak\u0131 m\u0259hz buna g\u00f6r\u0259 G\u00fcrc\u00fcstan amilin\u0259 b\u00f6y\u00fck \u0259h\u0259miyy\u0259t verir - AUD\u0130TOR\u0130YA.AZ","isPartOf":{"@id":"https:\/\/auditoriya.az\/#website"},"datePublished":"2024-12-20T10:22:11+00:00","dateModified":"2024-12-20T10:22:25+00:00","author":{"@id":"https:\/\/auditoriya.az\/#\/schema\/person\/ac4ea1d12bf25b1e864c62335d7e0053"},"breadcrumb":{"@id":"https:\/\/auditoriya.az\/?p=2458#breadcrumb"},"inLanguage":"az","potentialAction":[{"@type":"ReadAction","target":["https:\/\/auditoriya.az\/?p=2458"]}]},{"@type":"BreadcrumbList","@id":"https:\/\/auditoriya.az\/?p=2458#breadcrumb","itemListElement":[{"@type":"ListItem","position":1,"name":"Home","item":"https:\/\/auditoriya.az\/"},{"@type":"ListItem","position":2,"name":"R\u0259smi Bak\u0131 m\u0259hz buna g\u00f6r\u0259 G\u00fcrc\u00fcstan amilin\u0259 b\u00f6y\u00fck \u0259h\u0259miyy\u0259t verir"}]},{"@type":"WebSite","@id":"https:\/\/auditoriya.az\/#website","url":"https:\/\/auditoriya.az\/","name":"AUD\u0130TOR\u0130YA.AZ","description":"X\u0259b\u0259rl\u0259rin geni\u015f auditoriyas\u0131","potentialAction":[{"@type":"SearchAction","target":{"@type":"EntryPoint","urlTemplate":"https:\/\/auditoriya.az\/?s={search_term_string}"},"query-input":"required name=search_term_string"}],"inLanguage":"az"},{"@type":"Person","@id":"https:\/\/auditoriya.az\/#\/schema\/person\/ac4ea1d12bf25b1e864c62335d7e0053","name":"admin","sameAs":["https:\/\/auditoriya.az"],"url":"https:\/\/auditoriya.az\/?author=1"}]}},"post_mailing_queue_ids":[],"_links":{"self":[{"href":"https:\/\/auditoriya.az\/index.php?rest_route=\/wp\/v2\/posts\/2458","targetHints":{"allow":["GET"]}}],"collection":[{"href":"https:\/\/auditoriya.az\/index.php?rest_route=\/wp\/v2\/posts"}],"about":[{"href":"https:\/\/auditoriya.az\/index.php?rest_route=\/wp\/v2\/types\/post"}],"author":[{"embeddable":true,"href":"https:\/\/auditoriya.az\/index.php?rest_route=\/wp\/v2\/users\/1"}],"replies":[{"embeddable":true,"href":"https:\/\/auditoriya.az\/index.php?rest_route=%2Fwp%2Fv2%2Fcomments&post=2458"}],"version-history":[{"count":1,"href":"https:\/\/auditoriya.az\/index.php?rest_route=\/wp\/v2\/posts\/2458\/revisions"}],"predecessor-version":[{"id":2460,"href":"https:\/\/auditoriya.az\/index.php?rest_route=\/wp\/v2\/posts\/2458\/revisions\/2460"}],"wp:featuredmedia":[{"embeddable":true,"href":"https:\/\/auditoriya.az\/index.php?rest_route=\/wp\/v2\/media\/2459"}],"wp:attachment":[{"href":"https:\/\/auditoriya.az\/index.php?rest_route=%2Fwp%2Fv2%2Fmedia&parent=2458"}],"wp:term":[{"taxonomy":"category","embeddable":true,"href":"https:\/\/auditoriya.az\/index.php?rest_route=%2Fwp%2Fv2%2Fcategories&post=2458"},{"taxonomy":"post_tag","embeddable":true,"href":"https:\/\/auditoriya.az\/index.php?rest_route=%2Fwp%2Fv2%2Ftags&post=2458"}],"curies":[{"name":"wp","href":"https:\/\/api.w.org\/{rel}","templated":true}]}}