{"id":2451,"date":"2024-12-20T10:06:09","date_gmt":"2024-12-20T10:06:09","guid":{"rendered":"https:\/\/auditoriya.az\/?p=2451"},"modified":"2024-12-20T10:06:26","modified_gmt":"2024-12-20T10:06:26","slug":"fransiz-kolonializminin-iyr%c9%99nc-simasi","status":"publish","type":"post","link":"https:\/\/auditoriya.az\/?p=2451","title":{"rendered":"Frans\u0131z kolonializminin iyr\u0259nc simas\u0131"},"content":{"rendered":"\n<p>Tarixi faktlardan m\u0259lum oldu\u011fu kimi, b\u0259\u015f\u0259riyy\u0259tin kolonializm tarixinin qanl\u0131 cinay\u0259tl\u0259rinin \u00e7oxu m\u0259hz Fransa t\u0259r\u0259find\u0259n t\u00f6r\u0259dilmi\u015fdir. Bel\u0259 ki, Afrika, C\u0259nub-\u015e\u0259rqi Asiya, Sakit Okean, Lat\u0131n Amerikas\u0131nda onlarla \u00f6lk\u0259ni i\u015f\u011fal ed\u0259n, s\u0259rv\u0259tl\u0259rini talan ed\u0259n, xalqlar\u0131n\u0131 uzun ill\u0259r \u0259sar\u0259td\u0259 saxlayan Fransa, h\u0259min \u0259razil\u0259rd\u0259 h\u0259rbi v\u0259 b\u0259\u015f\u0259riyy\u0259t \u0259leyhin\u0259 \u00e7oxsayl\u0131 cinay\u0259tl\u0259r t\u00f6r\u0259tmi\u015fdir. Frans\u0131z silahl\u0131 q\u00fcvv\u0259l\u0259ri etnik v\u0259 dini m\u0259nsubiyy\u0259tin\u0259 g\u00f6r\u0259 y\u00fcz minl\u0259rl\u0259 dinc sakini soyq\u0131r\u0131ma m\u0259ruz qoymu\u015fdur. XX \u0259srd\u0259 30 il \u0259rzind\u0259 Frans\u0131z Polineziyas\u0131nda Fransa t\u0259r\u0259find\u0259n 200-\u0259 yax\u0131n, 6 il \u0259rzind\u0259 is\u0259, \u018flc\u0259zaird\u0259 17 n\u00fcv\u0259 s\u0131na\u011f\u0131 h\u0259yata ke\u00e7irilmi\u015fdir. H\u0259min n\u00fcv\u0259 s\u0131naqlar\u0131n\u0131n a\u011f\u0131r f\u0259sadlar\u0131 Polineziya v\u0259 \u018flc\u0259zair xalq\u0131 t\u0259r\u0259find\u0259n bu g\u00fcn d\u0259 ya\u015fanmaqdad\u0131r. Bir \u00e7ox t\u0259\u015fkilat\u0131n etdiyi \u00e7a\u011f\u0131r\u0131\u015flara uy\u011fun olaraq n\u00fcv\u0259 s\u0131naqlar\u0131n\u0131n vurdu\u011fu ziyan qiym\u0259tl\u0259ndirilm\u0259lidir v\u0259 Fransa t\u0259r\u0259find\u0259n m\u00fcvafiq t\u0259zminatlar \u00f6d\u0259nilm\u0259lidir. \u018flc\u0259zairin 132 il davam ed\u0259n i\u015f\u011fal\u0131 d\u00f6vr\u00fcnd\u0259 1,5 milyondan art\u0131q insan Fransa d\u00f6vl\u0259ti t\u0259r\u0259find\u0259n q\u0259tl\u0259 yetirilmi\u015f, bu s\u0259b\u0259bd\u0259n \u00f6lk\u0259 \u201c1,5 milyon \u015f\u0259hid \u00f6lk\u0259si\u201d adland\u0131r\u0131l\u0131r. Frans\u0131z ordusunun t\u00f6r\u0259tdiyi q\u0259tliamlar\u0131n miqyas\u0131 v\u0259 co\u011frafiyas\u0131 o q\u0259d\u0259r geni\u015fdir ki, sadalamaqla bitirm\u0259k \u00e7\u0259tindir. M\u0259rake\u015f, Tunis, Mali, Cibuti, Nigeriya, \u00c7ad, Seneqal, Vyetnam, Q\u0259m\u0259r adalar\u0131, Haiti v\u0259 dig\u0259r \u00f6lk\u0259l\u0259r bu g\u00fcn d\u0259 bu i\u015f\u011fal\u0131n a\u011f\u0131r f\u0259sadlar\u0131n\u0131 hiss edir. H\u0259tta, 26 mart 2021-ci ild\u0259 tarix\u00e7il\u0259rd\u0259n ibar\u0259t \u201cRuandada tutsi q\u0259bil\u0259sinin soyq\u0131r\u0131m\u0131nda Fransan\u0131n roluna dair hesabata m\u0259sul Komissiya\u201d t\u0259r\u0259find\u0259n Fransa Prezidentin\u0259 t\u0259qdim edilmi\u015f \u201cFransa, Ruanda v\u0259 Tutsinin soyq\u0131r\u0131m\u0131 (1990-1994)\u201d adl\u0131 s\u0259n\u0259dd\u0259 1994-c\u00fc ild\u0259 Ruandada tutsi q\u0259bil\u0259sinin 800 mind\u0259n \u00e7ox \u00fczv\u00fcn\u00fcn q\u0259tl\u0259 yetirilm\u0259sind\u0259 Fransan\u0131n b\u00f6y\u00fck m\u0259suliyy\u0259t da\u015f\u0131d\u0131\u011f\u0131 vur\u011fulanm\u0131\u015fd\u0131r.<\/p>\n\n\n\n<p>\u00dczd\u0259 \u00f6z\u00fcn\u00fc demokratik \u00f6lk\u0259 kimi g\u00f6st\u0259r\u0259n, amma tarixi ke\u00e7mi\u015fi bir s\u0131ra xalqlara qar\u015f\u0131 cinay\u0259tl\u0259rl\u0259, soyq\u0131r\u0131mlar\u0131 il\u0259, q\u0131r\u011f\u0131nlarla dolu olan Fransa h\u00f6kum\u0259ti bu g\u00fcn d\u0259 qanl\u0131 \u0259m\u0259ll\u0259rind\u0259n \u0259l \u00e7\u0259kmir. \u0130\u015f\u011fal\u00e7\u0131l\u0131q niyy\u0259tind\u0259n geri durmur. Paris uzun ill\u0259rd\u0259n b\u0259ridir Yeni Kaledoniyan\u0131 m\u00fcst\u0259ml\u0259k\u0259si kimi \u0259sar\u0259tind\u0259 saxlamaq, habel\u0259 adan\u0131n yerli sakinl\u0259ri olan kanaklar\u0131 assimilyasiya etm\u0259k \u00fc\u00e7\u00fcn ba\u015fqa yerl\u0259rd\u0259n minl\u0259rl\u0259 miqrant\u0131 qanunsuz yolla, m\u0259qs\u0259dli \u015f\u0259kild\u0259 adaya yerl\u0259\u015fdirir. Bu \u00e7irkin add\u0131m\u0131 atmaqda Fransan\u0131n \u0259sas m\u0259qs\u0259di m\u00fcst\u0259qilliyi u\u011frunda m\u00fcbariz\u0259y\u0259 qalxm\u0131\u015f &nbsp;kanaklar\u0131 azl\u0131\u011fa \u00e7evirm\u0259k v\u0259 miqrantlar\u0131n hesab\u0131na i\u015f\u011fal\u0131n \u00f6mr\u00fcn\u00fc uzatmaqd\u0131r. Makron h\u00f6kum\u0259ti \u00f6z \u00e7irkin m\u0259qs\u0259din\u0259 \u00e7atmaq \u00fc\u00e7\u00fcn Yeni Kaledoniya Konqresinin v\u0259 xalq\u0131n\u0131n irad\u0259sin\u0259 zidd olaraq bu \u00f6lk\u0259nin se\u00e7ki qanunvericiliyini d\u0259yi\u015fm\u0259y\u0259 \u00e7al\u0131\u015f\u0131r. Buna qar\u015f\u0131 \u00e7\u0131xanlara is\u0259, zor t\u0259tbiq edir, &nbsp;q\u0131r\u011f\u0131nlar t\u00f6r\u0259dir, insanlar\u0131 qan i\u00e7ind\u0259 bo\u011fur. \u0130ll\u0259rd\u0259n b\u0259ridir ki, Yeni Kaledoniya xalq\u0131 Fransan\u0131n onu s\u0131x\u0131b \u0259z\u0259n m\u00fcst\u0259ml\u0259k\u0259 z\u0259ncirind\u0259n azad olmaq u\u011frunda m\u00fcbariz\u0259 apar\u0131r. Paris is\u0259, bu haql\u0131 ist\u0259yi b\u00fct\u00fcn vasit\u0259l\u0259rl\u0259 bo\u011fur, i\u015f\u011fal\u00e7\u0131l\u0131q \u0259m\u0259ll\u0259rind\u0259n geri \u00e7\u0259kilmir. Frans\u0131z Polineziyas\u0131nda ba\u015f ver\u0259nl\u0259r onu dem\u0259y\u0259 \u0259sas verir ki, \u00f6z\u00fcn\u00fc d\u00fcnyaya demokratiya, insan haqlar\u0131, m\u0259d\u0259niyy\u0259t be\u015fiyi kimi g\u00f6st\u0259rm\u0259y\u0259 \u00e7al\u0131\u015fan Fransa, \u0259slind\u0259, insanl\u0131\u011fa zidd, qan-qada il\u0259 dolu olan siyas\u0259t y\u00fcr\u00fcd\u00fcr. Yeni Kaledoniyada ya\u015fayan kanak xalq\u0131 da uzun ill\u0259rdir Fransan\u0131n m\u00fcst\u0259ml\u0259k\u0259\u00e7ilik siyas\u0259ti alt\u0131nda \u0259zilm\u0259kd\u0259 davam edir. T\u0259xmin\u0259n 250 min \u0259haliy\u0259 v\u0259 20 min kvadratkilometr \u0259raziy\u0259 malik olan Yeni Kaledoniya adas\u0131 Sakit okeanda Avstraliya il\u0259 Yeni Zelandiyan\u0131n aras\u0131nda yerl\u0259\u015fir. Fransa 1853-c\u00fc ild\u0259 adaya tamamil\u0259 sahibl\u0259n\u0259r\u0259k a\u00e7\u0131q \u015f\u0259kild\u0259 buran\u0131 \u00f6z\u00fcn\u00fcn m\u00fcst\u0259ml\u0259k\u0259si elan edib. XIX \u0259srin sonuna q\u0259d\u0259r Fransa adan\u0131n yerli sakinl\u0259rini istismar etm\u0259kl\u0259 yana\u015f\u0131, qat\u0131 cinay\u0259t t\u00f6r\u0259tmi\u015f m\u0259hkumlar\u0131n\u0131 da buraya s\u00fcrg\u00fcn edib. XX \u0259srin \u0259vv\u0259ll\u0259rind\u0259n is\u0259, Fransa adada tap\u0131lm\u0131\u015f faydal\u0131 qaz\u0131nt\u0131 yataqlar\u0131n\u0131 da istismar etm\u0259y\u0259 ba\u015flay\u0131b. Bu \u0259razi q\u0131z\u0131l, b\u00fcr\u00fcnc, xrom, nikel, d\u0259mir v\u0259 s. filiz ehtiyatlar\u0131 il\u0259 z\u0259ngindir. Ada sakinl\u0259ri \u00f6t\u0259n \u0259srin 80-ci ill\u0259rind\u0259n ba\u015flayaraq Fransan\u0131n a\u011f\u0131r m\u00fcst\u0259ml\u0259k\u0259\u00e7ilik siyas\u0259tin\u0259 qar\u015f\u0131 etiraza qalx\u0131blar. Onlar\u0131n ba\u015fl\u0131ca v\u0259 yegan\u0259 m\u0259qs\u0259dl\u0259ri Fransan\u0131n s\u0259rh\u0259d tan\u0131mayan z\u00fclm\u00fcnd\u0259n bird\u0259f\u0259lik qurtulmaq olub. T\u0259\u0259ss\u00fcfl\u0259r olsun ki, uzun ill\u0259rd\u0259n b\u0259ri apar\u0131lan g\u0259rgin m\u00fcbariz\u0259y\u0259 baxmayaraq, kanak xalq\u0131 h\u0259l\u0259 d\u0259 m\u00fcst\u0259qilliyin\u0259 qovu\u015fa bilm\u0259yib. Buna xalqlar\u0131 \u0259z\u0259n, m\u00fcst\u0259qilliyini \u0259lind\u0259n alan Paris rejimi imkan vermir. H\u0259r v\u0259chl\u0259 adan\u0131 \u0259lind\u0259 saxlama\u011fa \u00e7al\u0131\u015f\u0131r, m\u00fcst\u0259ml\u0259k\u0259\u00e7iliyin \u00f6mr\u00fcn\u00fc uzad\u0131r. Az\u0259rbaycan 30 il\u0259 yax\u0131n m\u00fcdd\u0259td\u0259 i\u015f\u011falla, separatizml\u0259, eyni zamanda d\u00fcnya birliyinin \u0259dal\u0259tsiz m\u00f6vqeyi il\u0259 \u00fczl\u0259\u015fmi\u015f bir d\u00f6vl\u0259t olaraq xalqlar\u0131n \u0259zilm\u0259sin\u0259, insanlar\u0131n haqlar\u0131n\u0131n tapdanmas\u0131na, azadl\u0131q m\u00fccadil\u0259l\u0259rinin bo\u011fulmas\u0131na qar\u015f\u0131 etiraz s\u0259sini qald\u0131r\u0131b. Bak\u0131 T\u0259\u015f\u0259bb\u00fcs Qrupunun Fransa hakimiyy\u0259ti t\u0259r\u0259find\u0259n Yeni Kaledoniyada kanaklar\u0131n h\u0259bs olunmas\u0131 v\u0259 m\u00fclki \u015f\u0259xsl\u0259r\u0259 qar\u015f\u0131 zorak\u0131l\u0131\u011fa dair yayd\u0131\u011f\u0131 b\u0259yanatda Fransa hakimiyy\u0259ti t\u0259r\u0259find\u0259n h\u0259yata ke\u00e7iril\u0259n son h\u0259bsl\u0259r v\u0259 komendant saat\u0131n\u0131n t\u0259tbiqind\u0259n, t\u0259hl\u00fck\u0259sizlik q\u00fcvv\u0259l\u0259rinin kanak xalq\u0131na qar\u015f\u0131 t\u00f6r\u0259tdiyi zorak\u0131l\u0131qlardan d\u0259rin narahatl\u0131q ifad\u0259 olunub. B\u0259yanatda, h\u0259m\u00e7inin, Fransa Senat\u0131 v\u0259 Milli Assambleyas\u0131 Yeni Kaledoniyada qanunsuz konstitusiya d\u0259yi\u015fiklikl\u0259rini dayand\u0131rma\u011fa \u00e7a\u011f\u0131r\u0131l\u0131b. Adada ya\u015fayan kanak xalq\u0131 il\u0259 h\u0259mr\u0259ylik ifad\u0259 olunub. Parisin Yeni Kaledoniyada konstitusiya &#8220;islahatlar\u0131&#8221; il\u0259 ba\u011fl\u0131 aborigen icmalar t\u0259r\u0259find\u0259n ke\u00e7iril\u0259n etiraz aksiyalar\u0131n\u0131n qar\u015f\u0131s\u0131n\u0131 d\u00fcnyada q\u0259bul olunmayan q\u0259ddar \u00fcsullarla almas\u0131 haql\u0131 olaraq t\u0259\u0259ss\u00fcf v\u0259 q\u0259z\u0259b do\u011furur. M\u00fcst\u0259ml\u0259k\u0259\u00e7ilik siyas\u0259ti y\u00fcr\u00fcd\u0259n Fransan\u0131n t\u00f6r\u0259tdiyi bu qanl\u0131 hadis\u0259l\u0259r demokratiya, insan h\u00fcquq v\u0259 azadl\u0131qlar\u0131n\u0131n \u00fcst\u00fcn\u0259 at\u0131lm\u0131\u015f silinm\u0259si m\u00fcmk\u00fcn olmayan qara l\u0259k\u0259dir. Bu l\u0259k\u0259nin b\u00fct\u00fcn m\u0259suliyy\u0259ti, b\u00fct\u00fcn g\u00fcnah\u0131 Parisin tarixind\u0259n he\u00e7 vaxt silinm\u0259y\u0259c\u0259k. T\u0259bii ki, Fransan\u0131n m\u00fcst\u0259ml\u0259k\u0259si olan Yeni Kaledoniyada, el\u0259c\u0259 d\u0259, ba\u015fqa \u0259razil\u0259rd\u0259 ba\u015f ver\u0259n qanl\u0131 hadis\u0259l\u0259r, q\u0131r\u011f\u0131nlar Makron hakimiyy\u0259tinin u\u011fursuz siyas\u0259tinin n\u0259tic\u0259sidir.<\/p>\n\n\n\n<p>Fransan\u0131n m\u00fcst\u0259ml\u0259k\u0259\u00e7ilik siyas\u0259tinin tarixi d\u00fcn\u0259nin, bu g\u00fcn\u00fcn i\u015fi deyil. Bu \u00e7irkin, qan qoxuyan siyas\u0259tin t\u0259xmin\u0259n 500 il ya\u015f\u0131 var. Paris tarixin s\u0259hif\u0259l\u0259rin\u0259 qanla yaz\u0131lm\u0131\u015f istilalar, q\u0131r\u011f\u0131nlar say\u0259sind\u0259 Afrikan\u0131n q\u0259rbind\u0259 v\u0259 \u015fimal\u0131nda 20-d\u0259n \u00e7ox \u00f6lk\u0259ni t\u0259siri alt\u0131na sal\u0131b. Fransa Afrikan\u0131n \u0259razil\u0259rinin t\u0259xmin\u0259n 35 faizin\u0259 300 il n\u0259zar\u0259t edib. Bu istila\u00e7\u0131 \u00f6lk\u0259, h\u0259min yerl\u0259rin t\u0259bii s\u0259rv\u0259tl\u0259rini talay\u0131b, yerli sakinl\u0259rin\u0259 z\u00fclm edib. Do\u011frudan da, b\u0259\u015f\u0259riyy\u0259tin kolonializm tarixind\u0259 \u0259n qanl\u0131 cinay\u0259tl\u0259r, m\u0259hz&nbsp;Fransa t\u0259r\u0259find\u0259n t\u00f6r\u0259dilib.&nbsp;Bu c\u00fcr qan qoxulu siyas\u0259tl\u0259 Paris ill\u0259rdir Afrikada, C\u0259nub-\u015e\u0259rqi Asiyada, Lat\u0131n Amerikas\u0131nda s\u0259rv\u0259tl\u0259ri talan edir, y\u00fcz minl\u0259rl\u0259 insan\u0131n haqq\u0131n\u0131 tapdalay\u0131r, a\u00e7\u0131q v\u0259 gizli \u015f\u0259kild\u0259 soyq\u0131r\u0131mlar\u0131 t\u00f6r\u0259dir. M\u00fcst\u0259qil Az\u0259rbaycan d\u00f6vl\u0259ti ill\u0259rdir ki, Fransa hakimiyy\u0259tinin insanl\u0131q \u0259leyhin\u0259 olan b\u00fct\u00fcn add\u0131mlar\u0131n\u0131 q\u0131nay\u0131b v\u0259 q\u0131namaqda davam edir&#8230;<\/p>\n\n\n\n<p><strong>Sabit Mehdiyev, YAP Beyl\u0259qan rayon t\u0259\u015fkilat\u0131n\u0131n m\u0259sl\u0259h\u0259t\u00e7isi<\/strong><\/p>\n","protected":false},"excerpt":{"rendered":"<p>Tarixi faktlardan m\u0259lum oldu\u011fu kimi, b\u0259\u015f\u0259riyy\u0259tin kolonializm tarixinin qanl\u0131 cinay\u0259tl\u0259rinin \u00e7oxu m\u0259hz Fransa t\u0259r\u0259find\u0259n t\u00f6r\u0259dilmi\u015fdir. Bel\u0259 ki, Afrika, C\u0259nub-\u015e\u0259rqi Asiya, Sakit Okean, Lat\u0131n Amerikas\u0131nda onlarla \u00f6lk\u0259ni i\u015f\u011fal ed\u0259n, s\u0259rv\u0259tl\u0259rini talan ed\u0259n, xalqlar\u0131n\u0131 uzun ill\u0259r \u0259sar\u0259td\u0259 saxlayan Fransa, h\u0259min \u0259razil\u0259rd\u0259 h\u0259rbi v\u0259 b\u0259\u015f\u0259riyy\u0259t \u0259leyhin\u0259 \u00e7oxsayl\u0131 cinay\u0259tl\u0259r t\u00f6r\u0259tmi\u015fdir. Frans\u0131z silahl\u0131 q\u00fcvv\u0259l\u0259ri etnik v\u0259 dini m\u0259nsubiyy\u0259tin\u0259 g\u00f6r\u0259 y\u00fcz&#8230;<\/p>\n","protected":false},"author":1,"featured_media":1005,"comment_status":"closed","ping_status":"closed","sticky":false,"template":"","format":"standard","meta":{"footnotes":""},"categories":[23],"tags":[],"class_list":["post-2451","post","type-post","status-publish","format-standard","has-post-thumbnail","hentry","category-gundem"],"yoast_head":"<!-- This site is optimized with the Yoast SEO plugin v21.7 - https:\/\/yoast.com\/wordpress\/plugins\/seo\/ -->\n<title>Frans\u0131z kolonializminin iyr\u0259nc simas\u0131 - AUD\u0130TOR\u0130YA.AZ<\/title>\n<meta name=\"robots\" content=\"noindex, follow, max-snippet:-1, max-image-preview:large, max-video-preview:-1\" \/>\n<meta property=\"og:locale\" content=\"az_AZ\" \/>\n<meta property=\"og:type\" content=\"article\" \/>\n<meta property=\"og:title\" content=\"Frans\u0131z kolonializminin iyr\u0259nc simas\u0131 - AUD\u0130TOR\u0130YA.AZ\" \/>\n<meta property=\"og:description\" content=\"Tarixi faktlardan m\u0259lum oldu\u011fu kimi, b\u0259\u015f\u0259riyy\u0259tin kolonializm tarixinin qanl\u0131 cinay\u0259tl\u0259rinin \u00e7oxu m\u0259hz Fransa t\u0259r\u0259find\u0259n t\u00f6r\u0259dilmi\u015fdir. Bel\u0259 ki, Afrika, C\u0259nub-\u015e\u0259rqi Asiya, Sakit Okean, Lat\u0131n Amerikas\u0131nda onlarla \u00f6lk\u0259ni i\u015f\u011fal ed\u0259n, s\u0259rv\u0259tl\u0259rini talan ed\u0259n, xalqlar\u0131n\u0131 uzun ill\u0259r \u0259sar\u0259td\u0259 saxlayan Fransa, h\u0259min \u0259razil\u0259rd\u0259 h\u0259rbi v\u0259 b\u0259\u015f\u0259riyy\u0259t \u0259leyhin\u0259 \u00e7oxsayl\u0131 cinay\u0259tl\u0259r t\u00f6r\u0259tmi\u015fdir. Frans\u0131z silahl\u0131 q\u00fcvv\u0259l\u0259ri etnik v\u0259 dini m\u0259nsubiyy\u0259tin\u0259 g\u00f6r\u0259 y\u00fcz...\" \/>\n<meta property=\"og:url\" content=\"https:\/\/auditoriya.az\/?p=2451\" \/>\n<meta property=\"og:site_name\" content=\"AUD\u0130TOR\u0130YA.AZ\" \/>\n<meta property=\"article:published_time\" content=\"2024-12-20T10:06:09+00:00\" \/>\n<meta property=\"article:modified_time\" content=\"2024-12-20T10:06:26+00:00\" \/>\n<meta property=\"og:image\" content=\"https:\/\/auditoriya.az\/wp-content\/uploads\/2024\/02\/Sabit-Mehdiyev.jpg\" \/>\n\t<meta property=\"og:image:width\" content=\"644\" \/>\n\t<meta property=\"og:image:height\" content=\"443\" \/>\n\t<meta property=\"og:image:type\" content=\"image\/jpeg\" \/>\n<meta name=\"author\" content=\"admin\" \/>\n<meta name=\"twitter:card\" content=\"summary_large_image\" \/>\n<meta name=\"twitter:label1\" content=\"Written by\" \/>\n\t<meta name=\"twitter:data1\" content=\"admin\" \/>\n\t<meta name=\"twitter:label2\" content=\"Est. reading time\" \/>\n\t<meta name=\"twitter:data2\" content=\"5 minutes\" \/>\n<script type=\"application\/ld+json\" class=\"yoast-schema-graph\">{\"@context\":\"https:\/\/schema.org\",\"@graph\":[{\"@type\":\"WebPage\",\"@id\":\"https:\/\/auditoriya.az\/?p=2451\",\"url\":\"https:\/\/auditoriya.az\/?p=2451\",\"name\":\"Frans\u0131z kolonializminin iyr\u0259nc simas\u0131 - AUD\u0130TOR\u0130YA.AZ\",\"isPartOf\":{\"@id\":\"https:\/\/auditoriya.az\/#website\"},\"datePublished\":\"2024-12-20T10:06:09+00:00\",\"dateModified\":\"2024-12-20T10:06:26+00:00\",\"author\":{\"@id\":\"https:\/\/auditoriya.az\/#\/schema\/person\/ac4ea1d12bf25b1e864c62335d7e0053\"},\"breadcrumb\":{\"@id\":\"https:\/\/auditoriya.az\/?p=2451#breadcrumb\"},\"inLanguage\":\"az\",\"potentialAction\":[{\"@type\":\"ReadAction\",\"target\":[\"https:\/\/auditoriya.az\/?p=2451\"]}]},{\"@type\":\"BreadcrumbList\",\"@id\":\"https:\/\/auditoriya.az\/?p=2451#breadcrumb\",\"itemListElement\":[{\"@type\":\"ListItem\",\"position\":1,\"name\":\"Home\",\"item\":\"https:\/\/auditoriya.az\/\"},{\"@type\":\"ListItem\",\"position\":2,\"name\":\"Frans\u0131z kolonializminin iyr\u0259nc simas\u0131\"}]},{\"@type\":\"WebSite\",\"@id\":\"https:\/\/auditoriya.az\/#website\",\"url\":\"https:\/\/auditoriya.az\/\",\"name\":\"AUD\u0130TOR\u0130YA.AZ\",\"description\":\"X\u0259b\u0259rl\u0259rin geni\u015f auditoriyas\u0131\",\"potentialAction\":[{\"@type\":\"SearchAction\",\"target\":{\"@type\":\"EntryPoint\",\"urlTemplate\":\"https:\/\/auditoriya.az\/?s={search_term_string}\"},\"query-input\":\"required name=search_term_string\"}],\"inLanguage\":\"az\"},{\"@type\":\"Person\",\"@id\":\"https:\/\/auditoriya.az\/#\/schema\/person\/ac4ea1d12bf25b1e864c62335d7e0053\",\"name\":\"admin\",\"sameAs\":[\"https:\/\/auditoriya.az\"],\"url\":\"https:\/\/auditoriya.az\/?author=1\"}]}<\/script>\n<!-- \/ Yoast SEO plugin. -->","yoast_head_json":{"title":"Frans\u0131z kolonializminin iyr\u0259nc simas\u0131 - AUD\u0130TOR\u0130YA.AZ","robots":{"index":"noindex","follow":"follow","max-snippet":"max-snippet:-1","max-image-preview":"max-image-preview:large","max-video-preview":"max-video-preview:-1"},"og_locale":"az_AZ","og_type":"article","og_title":"Frans\u0131z kolonializminin iyr\u0259nc simas\u0131 - AUD\u0130TOR\u0130YA.AZ","og_description":"Tarixi faktlardan m\u0259lum oldu\u011fu kimi, b\u0259\u015f\u0259riyy\u0259tin kolonializm tarixinin qanl\u0131 cinay\u0259tl\u0259rinin \u00e7oxu m\u0259hz Fransa t\u0259r\u0259find\u0259n t\u00f6r\u0259dilmi\u015fdir. Bel\u0259 ki, Afrika, C\u0259nub-\u015e\u0259rqi Asiya, Sakit Okean, Lat\u0131n Amerikas\u0131nda onlarla \u00f6lk\u0259ni i\u015f\u011fal ed\u0259n, s\u0259rv\u0259tl\u0259rini talan ed\u0259n, xalqlar\u0131n\u0131 uzun ill\u0259r \u0259sar\u0259td\u0259 saxlayan Fransa, h\u0259min \u0259razil\u0259rd\u0259 h\u0259rbi v\u0259 b\u0259\u015f\u0259riyy\u0259t \u0259leyhin\u0259 \u00e7oxsayl\u0131 cinay\u0259tl\u0259r t\u00f6r\u0259tmi\u015fdir. Frans\u0131z silahl\u0131 q\u00fcvv\u0259l\u0259ri etnik v\u0259 dini m\u0259nsubiyy\u0259tin\u0259 g\u00f6r\u0259 y\u00fcz...","og_url":"https:\/\/auditoriya.az\/?p=2451","og_site_name":"AUD\u0130TOR\u0130YA.AZ","article_published_time":"2024-12-20T10:06:09+00:00","article_modified_time":"2024-12-20T10:06:26+00:00","og_image":[{"width":644,"height":443,"url":"https:\/\/auditoriya.az\/wp-content\/uploads\/2024\/02\/Sabit-Mehdiyev.jpg","type":"image\/jpeg"}],"author":"admin","twitter_card":"summary_large_image","twitter_misc":{"Written by":"admin","Est. reading time":"5 minutes"},"schema":{"@context":"https:\/\/schema.org","@graph":[{"@type":"WebPage","@id":"https:\/\/auditoriya.az\/?p=2451","url":"https:\/\/auditoriya.az\/?p=2451","name":"Frans\u0131z kolonializminin iyr\u0259nc simas\u0131 - AUD\u0130TOR\u0130YA.AZ","isPartOf":{"@id":"https:\/\/auditoriya.az\/#website"},"datePublished":"2024-12-20T10:06:09+00:00","dateModified":"2024-12-20T10:06:26+00:00","author":{"@id":"https:\/\/auditoriya.az\/#\/schema\/person\/ac4ea1d12bf25b1e864c62335d7e0053"},"breadcrumb":{"@id":"https:\/\/auditoriya.az\/?p=2451#breadcrumb"},"inLanguage":"az","potentialAction":[{"@type":"ReadAction","target":["https:\/\/auditoriya.az\/?p=2451"]}]},{"@type":"BreadcrumbList","@id":"https:\/\/auditoriya.az\/?p=2451#breadcrumb","itemListElement":[{"@type":"ListItem","position":1,"name":"Home","item":"https:\/\/auditoriya.az\/"},{"@type":"ListItem","position":2,"name":"Frans\u0131z kolonializminin iyr\u0259nc simas\u0131"}]},{"@type":"WebSite","@id":"https:\/\/auditoriya.az\/#website","url":"https:\/\/auditoriya.az\/","name":"AUD\u0130TOR\u0130YA.AZ","description":"X\u0259b\u0259rl\u0259rin geni\u015f auditoriyas\u0131","potentialAction":[{"@type":"SearchAction","target":{"@type":"EntryPoint","urlTemplate":"https:\/\/auditoriya.az\/?s={search_term_string}"},"query-input":"required name=search_term_string"}],"inLanguage":"az"},{"@type":"Person","@id":"https:\/\/auditoriya.az\/#\/schema\/person\/ac4ea1d12bf25b1e864c62335d7e0053","name":"admin","sameAs":["https:\/\/auditoriya.az"],"url":"https:\/\/auditoriya.az\/?author=1"}]}},"post_mailing_queue_ids":[],"_links":{"self":[{"href":"https:\/\/auditoriya.az\/index.php?rest_route=\/wp\/v2\/posts\/2451","targetHints":{"allow":["GET"]}}],"collection":[{"href":"https:\/\/auditoriya.az\/index.php?rest_route=\/wp\/v2\/posts"}],"about":[{"href":"https:\/\/auditoriya.az\/index.php?rest_route=\/wp\/v2\/types\/post"}],"author":[{"embeddable":true,"href":"https:\/\/auditoriya.az\/index.php?rest_route=\/wp\/v2\/users\/1"}],"replies":[{"embeddable":true,"href":"https:\/\/auditoriya.az\/index.php?rest_route=%2Fwp%2Fv2%2Fcomments&post=2451"}],"version-history":[{"count":1,"href":"https:\/\/auditoriya.az\/index.php?rest_route=\/wp\/v2\/posts\/2451\/revisions"}],"predecessor-version":[{"id":2452,"href":"https:\/\/auditoriya.az\/index.php?rest_route=\/wp\/v2\/posts\/2451\/revisions\/2452"}],"wp:featuredmedia":[{"embeddable":true,"href":"https:\/\/auditoriya.az\/index.php?rest_route=\/wp\/v2\/media\/1005"}],"wp:attachment":[{"href":"https:\/\/auditoriya.az\/index.php?rest_route=%2Fwp%2Fv2%2Fmedia&parent=2451"}],"wp:term":[{"taxonomy":"category","embeddable":true,"href":"https:\/\/auditoriya.az\/index.php?rest_route=%2Fwp%2Fv2%2Fcategories&post=2451"},{"taxonomy":"post_tag","embeddable":true,"href":"https:\/\/auditoriya.az\/index.php?rest_route=%2Fwp%2Fv2%2Ftags&post=2451"}],"curies":[{"name":"wp","href":"https:\/\/api.w.org\/{rel}","templated":true}]}}