{"id":2314,"date":"2024-11-16T07:52:33","date_gmt":"2024-11-16T07:52:33","guid":{"rendered":"https:\/\/auditoriya.az\/?p=2314"},"modified":"2024-11-16T07:52:54","modified_gmt":"2024-11-16T07:52:54","slug":"ot%c9%99n-mudd%c9%99t-%c9%99rzind%c9%99-dovl%c9%99t-bascisinin-r%c9%99hb%c9%99rliyi-il%c9%99-az%c9%99rbaycan-siyasi-iqtisadi-sosial-v%c9%99-h%c9%99rbi-sah%c9%99l%c9%99rd%c9%99-boyuk-t%c9%99r%c9%99qq","status":"publish","type":"post","link":"https:\/\/auditoriya.az\/?p=2314","title":{"rendered":"\u00d6t\u0259n m\u00fcdd\u0259t \u0259rzind\u0259 d\u00f6vl\u0259t ba\u015f\u00e7\u0131s\u0131n\u0131n r\u0259hb\u0259rliyi il\u0259 Az\u0259rbaycan siyasi, iqtisadi, sosial v\u0259 h\u0259rbi sah\u0259l\u0259rd\u0259 b\u00f6y\u00fck t\u0259r\u0259qqi \u0259ld\u0259 etmi\u015fdir"},"content":{"rendered":"\n<p>Ya\u015fad\u0131\u011f\u0131m\u0131z yax\u0131n tarixi ke\u00e7mi\u015fd\u0259, 20-ci \u0259srin sonlar\u0131nda yenid\u0259n m\u00fcst\u0259qillik qazanmaq kimi tarixi f\u00fcrs\u0259ti \u0259ld\u0259 ed\u0259n Az\u0259rbaycan q\u0131sa vaxtdan sonra onun itirilm\u0259si t\u0259hl\u00fck\u0259si il\u0259 \u00fczl\u0259\u015fdi. \u00d6lk\u0259d\u0259 hakimiyy\u0259t b\u00f6hran\u0131 1993-c\u00fc ilin iyununda kulminasiya h\u0259ddin\u0259 \u00e7atd\u0131, xaos v\u0259 anarxiya respublikan\u0131 b\u00fcr\u00fcd\u00fc. V\u0259t\u0259nda\u015f m\u00fcharib\u0259si d\u0259r\u0259c\u0259sin\u0259 y\u00fcks\u0259lmi\u015f qar\u015f\u0131durma n\u0259inki d\u00f6vl\u0259t m\u00fcst\u0259qilliyimizi, h\u0259tta milli varl\u0131\u011f\u0131m\u0131z\u0131 bel\u0259 h\u0259d\u0259f\u0259 ald\u0131. Bel\u0259likl\u0259, 1991-1993-c\u00fc ill\u0259r \u00f6lk\u0259mizin m\u00fcasir tarixind\u0259 h\u0259rc-m\u0259rclik, \u00f6zba\u015f\u0131nal\u0131q, avant\u00fcrist eksperimentl\u0259r d\u00f6vr\u00fc kimi xat\u0131rlan\u0131r. B\u00fct\u00fcn bunlar is\u0259 h\u0259min d\u00f6vrd\u0259 yenic\u0259 m\u00fcst\u0259qilliy\u0259 q\u0259d\u0259m qoymu\u015f d\u00f6vl\u0259t\u0259 liderlik x\u00fcsusiyy\u0259tl\u0259rin\u0259 malik olmayan, siyasi hadis\u0259l\u0259r\u0259 qiym\u0259t verm\u0259k, g\u0259l\u0259c\u0259yi g\u00f6rm\u0259k imkanlar\u0131ndan m\u0259hrum olan, adi v\u0259ziyy\u0259td\u0259n bel\u0259 \u00e7\u0131x\u0131\u015f yolu tapma\u011fa qadir olmayan \u015f\u0259xsl\u0259rin r\u0259hb\u0259rlik etm\u0259sin\u0259 g\u00f6r\u0259 ba\u015f verirdi. Hadis\u0259l\u0259ri d\u00fczg\u00fcn qiym\u0259tl\u0259ndir\u0259 bilm\u0259y\u0259n o vaxtk\u0131 iqtidar xalq qar\u015f\u0131s\u0131nda g\u00fcnd\u0259n-g\u00fcn\u0259 n\u00fcfuzunu itirir, ba\u015f vermi\u015f prosesl\u0259rd\u0259n d\u00fczg\u00fcn n\u0259tic\u0259 \u00e7\u0131xara bilmirdi. \u00dcmummilli Lider Heyd\u0259r \u018fliyev m\u00fcst\u0259qilliyimizin h\u0259min m\u0259rh\u0259l\u0259sini bel\u0259 xarakteriz\u0259 edirdi: &#8220;Az\u0259rbaycan b\u00f6y\u00fck t\u0259hl\u00fck\u0259 qar\u015f\u0131s\u0131nda idi, \u00e7\u00fcnki Az\u0259rbaycan\u0131n m\u00fcst\u0259qil ya\u015famas\u0131n\u0131n \u0259leyhin\u0259 olan h\u0259m daxild\u0259ki q\u00fcvv\u0259l\u0259r g\u00fccl\u00fc idi, h\u0259m d\u0259, Az\u0259rbaycan kimi b\u00f6y\u00fck co\u011frafi-strateji \u0259h\u0259miyy\u0259t\u0259, z\u0259ngin t\u0259bii s\u0259rv\u0259tl\u0259r\u0259 malik olan \u00f6lk\u0259nin tam m\u00fcst\u0259qil olmas\u0131 ba\u015fqa \u00f6lk\u0259l\u0259rd\u0259 b\u0259zi dair\u0259l\u0259ri qane etmirdi. Erm\u0259nistan\u0131n Az\u0259rbaycana etdiyi t\u0259cav\u00fcz v\u0259 bunun n\u0259tic\u0259sind\u0259 Az\u0259rbaycan\u0131n z\u0259ifl\u0259m\u0259si, m\u0259\u011flubiyy\u0259t\u0259 u\u011framas\u0131, ikinci t\u0259r\u0259fd\u0259n d\u0259 daxild\u0259 hakimiyy\u0259t \u00e7\u0259ki\u015fm\u0259si 1992-ci ilin iyun ay\u0131nda hakimiyy\u0259t\u0259 g\u0259lmi\u015f q\u00fcvv\u0259l\u0259ri bir ild\u0259n sonra xalq \u00f6z\u00fc hakimiyy\u0259td\u0259n sald\u0131\u201d. Bel\u0259 fenomenal Liderl\u0259r xalq\u0131n \u0259srl\u0259r boyu formala\u015fm\u0131\u015f v\u0259 \u00fcmumb\u0259\u015f\u0259ri d\u0259y\u0259rl\u0259rl\u0259 s\u00f6yk\u0259n\u0259n siyasi d\u00fcnyag\u00f6r\u00fc\u015f\u00fc \u0259sas\u0131nda \u00f6zl\u0259rinin m\u00fck\u0259mm\u0259l d\u00f6vl\u0259t\u00e7ilik konsepsiyas\u0131n\u0131 ortaya qoyur. Uca Allah bel\u0259 \u015f\u0259xsiyy\u0259tl\u0259r\u0259, h\u0259m d\u0259, xilaskarl\u0131q missiyas\u0131 verir. Onlar zaman\u0131n \u0259n s\u0259rt s\u0131naqlar\u0131ndan f\u0259dakarl\u0131qla \u00e7\u0131xm\u0131\u015f bu insanlar \u0259srl\u0259r boyu xalqlar\u0131n\u0131n d\u00f6vl\u0259t\u00e7ilik ideal\u0131n\u0131 ger\u00e7\u0259kl\u0259\u015fdirm\u0259y\u0259, m\u00fcst\u0259qillik v\u0259 azadl\u0131q ideyalar\u0131n\u0131 realla\u015fd\u0131rma\u011fa nail olurlar. Liderlik laz\u0131mi anda c\u0259sar\u0259t n\u00fcmayi\u015f etdirm\u0259k bacar\u0131\u011f\u0131d\u0131r. Ulu \u00d6nd\u0259r Heyd\u0259r \u018fliyevin d\u0259 \u015f\u0259xsiyy\u0259t kimi b\u00f6y\u00fckl\u00fcy\u00fcn\u00fc t\u0259c\u0259ss\u00fcm etdir\u0259n \u0259n ba\u015fl\u0131ca x\u00fcsusiyy\u0259tl\u0259rd\u0259n biri d\u0259, \u00fcmumxalq m\u0259nafeyi il\u0259 ba\u011fl\u0131 m\u0259s\u0259l\u0259l\u0259rd\u0259 onun he\u00e7 bir t\u0259hl\u00fck\u0259d\u0259n \u00e7\u0259kinm\u0259m\u0259si, c\u0259sar\u0259t v\u0259 q\u0259tiyy\u0259t g\u00f6st\u0259rm\u0259si, \u0259dal\u0259t meyar\u0131na sadiqliyidir. O, 20-ci \u0259srin \u0259n g\u00f6rk\u0259mli Liderl\u0259rind\u0259n biri kimi etimad g\u00f6st\u0259rildiyi b\u00fct\u00fcn v\u0259zif\u0259l\u0259rd\u0259 \u00f6z\u00fcn\u00fc beyn\u0259lxalq miqyasl\u0131 siyas\u0259t\u00e7i, d\u0259rin z\u0259kal\u0131 r\u0259hb\u0259r kimi tan\u0131tm\u0131\u015fd\u0131r.<\/p>\n\n\n\n<p>\u0130ndiki tarixi m\u0259rh\u0259l\u0259d\u0259 is\u0259, h\u0259r bir siyasi liderin f\u0259aliyy\u0259tini b\u00fct\u00fcn d\u00fcnya izl\u0259y\u0259 bilir. \u0130nformasiya, kommunikasiya vasit\u0259l\u0259ri el\u0259 inki\u015faf edib ki, d\u00f6vl\u0259t\u0259 ba\u015f\u00e7\u0131l\u0131q ed\u0259n \u015f\u0259xsin g\u00f6rd\u00fcy\u00fc i\u015fl\u0259r s\u00fcr\u0259tl\u0259 h\u0259r yer\u0259 yay\u0131l\u0131r. Bu, bir t\u0259r\u0259fd\u0259n, liderl\u0259rin g\u00f6z \u00f6n\u00fcnd\u0259 olmas\u0131n\u0131 t\u0259min edir. Dig\u0259r t\u0259r\u0259fd\u0259n, h\u0259r bir siyas\u0259t\u00e7inin f\u0259aliyy\u0259tin\u0259 d\u00fcnya miqyas\u0131nda qiym\u0259t verm\u0259k i\u015fini asanla\u015fd\u0131r\u0131r. Az\u0259rbaycan Respublikas\u0131n\u0131n Prezidenti, c\u0259nab \u0130lham \u018fliyevin f\u0259aliyy\u0259ti haqq\u0131nda d\u00fcnyan\u0131n apar\u0131c\u0131 d\u00f6vl\u0259tl\u0259rinin r\u0259hb\u0259rl\u0259ri d\u0259f\u0259l\u0259rl\u0259 fikir bildiribl\u0259r. Onlar\u0131n ham\u0131s\u0131 Az\u0259rbaycan Respublikas\u0131n\u0131n Prezidentind\u0259n m\u00fcdrik, uzaqg\u00f6r\u0259n, \u0259m\u0259kda\u015fl\u0131\u011fa a\u00e7\u0131q, etibarl\u0131, d\u00f6vl\u0259t i\u015fl\u0259rini d\u0259rind\u0259n bil\u0259n v\u0259 y\u00fcks\u0259k diplomatik bacar\u0131\u011fa sahib lider kimi b\u0259hs edibl\u0259r. \u018flb\u0259tt\u0259, h\u0259r bir az\u0259rbaycanl\u0131 \u00fc\u00e7\u00fcn \u00f6lk\u0259nin ba\u015f\u00e7\u0131s\u0131na dig\u0259r \u00f6lk\u0259l\u0259rin r\u0259hb\u0259rl\u0259rinin y\u00fcks\u0259k qiym\u0259t verm\u0259si q\u00fcrur m\u0259nb\u0259yidir. H\u0259m d\u0259, bu h\u00f6rm\u0259tin arxas\u0131nda m\u00f6ht\u0259r\u0259m \u0130lham \u018fliyevin g\u0259rgin z\u0259hm\u0259tinin, y\u00fcks\u0259k ail\u0259, siyas\u0259t\u00e7i t\u0259rbiy\u0259sinin, V\u0259t\u0259n\u0259 b\u00f6y\u00fck sevgisinin dayand\u0131\u011f\u0131n\u0131 anlamaq g\u0259r\u0259kdir. Bel\u0259 qiym\u0259tl\u0259r he\u00e7 zaman asan verilmir, onu qazanmaq, konkret \u0259m\u0259ld\u0259 layiq oldu\u011funu g\u00f6st\u0259rm\u0259k laz\u0131md\u0131r. M\u00fcqayis\u0259 \u00fc\u00e7\u00fcn dey\u0259k ki, C\u0259nubi Qafqazda dig\u0259r he\u00e7 bir siyasi lider bar\u0259sind\u0259 bu c\u00fcr fikirl\u0259ri bildirmirl\u0259r. Bunlar, \u00f6lk\u0259 Prezidenti, c\u0259nab \u0130lham \u018fliyevin siyas\u0259t\u00e7i, lider v\u0259 \u015f\u0259xsiyy\u0259t kimi d\u0259rind\u0259n \u00f6yr\u0259nilm\u0259si ehtiyac\u0131n\u0131n y\u00fcks\u0259k oldu\u011funu g\u00f6st\u0259rir. Burada bir vacib m\u0259qam\u0131 vur\u011fulamaq g\u0259r\u0259kdir. Ulu \u00d6nd\u0259r Heyd\u0259r \u018fliyevin, c\u0259nab \u0130lham \u018fliyev kimi Liderin yeti\u015fm\u0259sind\u0259 z\u0259hm\u0259ti v\u0259 xidm\u0259ti olduqca b\u00f6y\u00fckd\u00fcr. \u00dcmummilli Liderin f\u0259aliyy\u0259tin\u0259 yax\u0131ndan b\u0259l\u0259d olmas\u0131 il\u0259 b\u0259rab\u0259r, onun t\u0259cr\u00fcb\u0259sini d\u0259 tam \u0259xz edib, praktiki f\u0259aliyy\u0259td\u0259 t\u0259tbiq etm\u0259k, \u0259lb\u0259tt\u0259, insan\u0131n \u00f6z\u00fcnd\u0259n y\u00fcks\u0259k bacar\u0131q t\u0259l\u0259b edir. Bununla yana\u015f\u0131, Heyd\u0259r \u018fliyevin yeni siyasi lider yeti\u015fdirm\u0259k qabiliyy\u0259tinin \u00e7ox y\u00fcks\u0259k s\u0259viyy\u0259d\u0259 oldu\u011funu q\u0259bul etm\u0259k g\u0259r\u0259kdir. B\u00fct\u00fcn bunlara g\u00f6r\u0259dir ki, Heyd\u0259r \u018fliyev m\u0259kt\u0259bini ke\u00e7mi\u015f bir Prezidentin, siyasi Liderin v\u0259 \u015f\u0259xsiyy\u0259tin m\u00fcst\u0259qil d\u00f6vl\u0259t quruculu\u011funda \u0259ld\u0259 etdiyi nailiyy\u0259tl\u0259r t\u0259sad\u00fcf say\u0131la bilm\u0259z. M\u0259hz, \u00f6lk\u0259 Prezidenti, c\u0259nab \u0130lham \u018fliyev u\u011furlu siyasi varisliyin \u0259n g\u00f6z\u0259l n\u00fcmun\u0259sidir. \u00d6lk\u0259 Prezidenti, c\u0259nab \u0130lham \u018fliyevin Az\u0259rbaycana r\u0259hb\u0259rlik etdiyi bu ill\u0259r m\u00fcst\u0259qillik d\u00f6vr\u00fcn\u00fcn yar\u0131dan \u00e7oxunu t\u0259\u015fkil edir. Bu m\u00fcdd\u0259t \u0259rzind\u0259 Az\u0259rbaycan m\u00fcst\u0259qillik v\u0259 suverenlik yolunda \u00e7ox b\u00f6y\u00fck m\u0259saf\u0259 q\u0259t edib. Konkret deyils\u0259, bu ill\u0259r m\u00fcr\u0259kk\u0259b bir geosiyasi m\u0259kanda yerl\u0259\u015f\u0259n d\u00f6vl\u0259t \u00fc\u00e7\u00fcn daim u\u011furlar ill\u0259ri olub. Buna nail olma\u011f\u0131n n\u0259 q\u0259d\u0259r \u00e7\u0259tin oldu\u011funu s\u00fcbut etm\u0259y\u0259 ehtiyac yoxdur. Adi m\u00fcqayis\u0259l\u0259rd\u0259 h\u0259min reall\u0131\u011f\u0131 a\u00e7\u0131qca g\u00f6rm\u0259k m\u00fcmk\u00fcnd\u00fcr. Burada ba\u015fqa bir m\u0259qam \u00f6n\u0259m k\u0259sb edir. Haz\u0131rk\u0131 tarixi \u015f\u0259raitd\u0259 davaml\u0131 u\u011fur qazanma\u011fa imkan ver\u0259n liderlik hans\u0131 keyfiyy\u0259tl\u0259r\u0259 malik olmal\u0131d\u0131r? Y\u0259ni, c\u0259nab \u0130lham \u018fliyevi lider-\u015f\u0259xsiyy\u0259t kimi nec\u0259 xarakteriz\u0259 etm\u0259k olar? Bu suala indi filosoflar, tarix\u00e7il\u0259r, sosioloqlar, siyas\u0259t\u015f\u00fcnaslar v\u0259 ba\u015fqa humanitar ixtisas sahibl\u0259ri cavab axtar\u0131rlar. \u018flb\u0259tt\u0259, bu istiqam\u0259td\u0259 ara\u015fd\u0131rmalar\u0131 davam etm\u0259k z\u0259ruridir. Son ill\u0259r d\u00f6vl\u0259t quruculu\u011fu prosesi kontekstind\u0259 \u00fc\u00e7 aspektd\u0259 \u0259h\u0259miyy\u0259tli hesab etm\u0259k olar. Birincisi, bu ill\u0259r ke\u00e7id prosesl\u0259rinin yekunu bax\u0131m\u0131ndan \u0259h\u0259miyy\u0259t da\u015f\u0131y\u0131r. \u0130kincisi, keyfiyy\u0259tc\u0259 yeni inki\u015faf m\u0259rh\u0259l\u0259sin\u0259 start verilib. \u00dc\u00e7\u00fcnc\u00fcs\u00fc, c\u0259miyy\u0259tin b\u00fct\u00fcn sferalar\u0131 bir-biri il\u0259 h\u0259mah\u0259ng \u015f\u0259kild\u0259 h\u0259r\u0259k\u0259t\u0259 g\u0259tirilib v\u0259 s\u00fcr\u0259tli, davaml\u0131 inki\u015faf x\u0259tti m\u00fc\u0259yy\u0259nl\u0259\u015fdirilib. Vur\u011fulanan faktorlar\u0131n h\u0259r birinin d\u00f6vl\u0259t quruculu\u011funda konkret yeri v\u0259 rolu vard\u0131r. Onlar bir-birini m\u0259rh\u0259l\u0259 kimi ideal \u015f\u0259kild\u0259 tamamlay\u0131r. Bu \u015f\u0259rt b\u00fct\u00f6vl\u00fckd\u0259 d\u00f6vl\u0259t quruculu\u011funu sistemli v\u0259 m\u00fcnt\u0259z\u0259m olaraq h\u0259yata ke\u00e7irm\u0259y\u0259 imkanlar yarad\u0131r. Onun m\u00fc\u0259llifi is\u0259, t\u0259bii ki, \u00f6lk\u0259 Prezidenti, c\u0259nab \u0130lham \u018fliyevdir.<\/p>\n\n\n\n<p>G\u00fccl\u00fc ictimai-siyasi xadim, \u00dcmummilli Lider Heyd\u0259r \u018fliyevin m\u00fcst\u0259qilliyimizin qorunub saxlanmas\u0131 v\u0259 m\u00f6hk\u0259ml\u0259ndirilm\u0259si istiqam\u0259tind\u0259 yorulmaz s\u0259yl\u0259rini bu g\u00fcn \u00f6lk\u0259 Prezidenti, c\u0259nab \u0130lham \u018fliyev y\u00fcks\u0259k s\u0259viyy\u0259d\u0259 davam etdirir. \u00d6t\u0259n m\u00fcdd\u0259t \u0259rzind\u0259 d\u00f6vl\u0259t ba\u015f\u00e7\u0131s\u0131n\u0131n r\u0259hb\u0259rliyi il\u0259 Az\u0259rbaycan siyasi, iqtisadi, sosial v\u0259 h\u0259rbi sah\u0259l\u0259rd\u0259 b\u00f6y\u00fck t\u0259r\u0259qqi \u0259ld\u0259 etmi\u015fdir. Az\u0259rbaycan yerl\u0259\u015fdiyi b\u00f6lg\u0259d\u0259 ba\u015f ver\u0259n strateji, siyasi v\u0259 iqtisadi prosesl\u0259rin gedi\u015fin\u0259 t\u0259sir g\u00f6st\u0259rm\u0259y\u0259 qadir olan \u00f6lk\u0259dir. D\u00f6vl\u0259t neft strategiyas\u0131n\u0131n u\u011furla h\u0259yata ke\u00e7irilm\u0259si, \u00fcmumilikd\u0259, iqtisadi-sosial sah\u0259l\u0259rd\u0259 apar\u0131lan k\u00f6kl\u00fc islahatlar Az\u0259rbaycan\u0131 g\u00fccl\u0259ndirir, h\u0259r bir v\u0259t\u0259nda\u015f\u0131n sosial h\u0259yat\u0131na m\u00fcsb\u0259t t\u0259sir g\u00f6st\u0259rir. Haz\u0131rda Az\u0259rbaycanda g\u00fccl\u00fc infrastruktur yarad\u0131lm\u0131\u015f v\u0259 \u00f6lk\u0259miz xarici investisiyalar\u0131n c\u0259lbedici m\u0259kan\u0131na \u00e7evrilmi\u015fdir. \u00d6t\u0259n bu ill\u0259r \u0259rzind\u0259 b\u00f6y\u00fck inki\u015faf yolu ke\u00e7m\u0259kl\u0259 beyn\u0259lxalq arenada da m\u00f6vqel\u0259rini g\u00fccl\u0259ndirm\u0259y\u0259 nail olmu\u015fdur. Bir s\u00f6zl\u0259, Ulu \u00d6nd\u0259r Heyd\u0259r \u018fliyevin ba\u015flad\u0131\u011f\u0131 v\u0259 \u00f6lk\u0259 Prezidenti, c\u0259nab \u0130lham \u018fliyevin m\u0259qs\u0259dy\u00f6nl\u00fc, d\u00fc\u015f\u00fcn\u00fclm\u00fc\u015f siyas\u0259ti n\u0259tic\u0259sind\u0259 m\u00fcst\u0259qil Az\u0259rbaycan son ill\u0259r \u0259rzind\u0259 kifay\u0259t q\u0259d\u0259r b\u00f6y\u00fck u\u011furlar qazanm\u0131\u015fd\u0131r. G\u00fccl\u00fc siyasi irad\u0259y\u0259, b\u00f6y\u00fck maliyy\u0259 resurslar\u0131na malik olan Az\u0259rbaycan m\u00fcst\u0259qil siyas\u0259t y\u00fcr\u00fcd\u0259n d\u00f6vl\u0259tdir. Sivilizasiyalararas\u0131 dialoqun, multikulturalizmin, siyasi, iqtisadi, humanitar, el\u0259c\u0259 d\u0259, dig\u0259r sah\u0259l\u0259rd\u0259 qlobal m\u0259s\u0259l\u0259l\u0259rin m\u00fczakir\u0259 olundu\u011fu m\u0259rk\u0259z\u0259 \u00e7evrilmi\u015f Az\u0259rbaycan b\u0259\u015f\u0259riyy\u0259tin cavab axtard\u0131\u011f\u0131 bir s\u0131ra vacib m\u0259s\u0259l\u0259l\u0259rin m\u00fczakir\u0259sinin qlobal s\u0259viyy\u0259y\u0259 y\u00fcks\u0259lm\u0259sind\u0259 m\u00fcst\u0259sna rol oynay\u0131r v\u0259 bu strateji kurs art\u0131q d\u00f6nm\u0259z xarakter alm\u0131\u015fd\u0131r. Biz bir xalq, mill\u0259t olaraq azadl\u0131\u011f\u0131m\u0131z, m\u00fcst\u0259qilliyimiz u\u011frunda ill\u0259rl\u0259 m\u00fcbariz\u0259 aparm\u0131\u015f, bu yolda minl\u0259rl\u0259 \u015f\u0259hid vermi\u015fik. Azadl\u0131\u011f\u0131, m\u00fcst\u0259qilliyi \u0259ld\u0259 etm\u0259k, qurmaq n\u0259 q\u0259d\u0259r \u00e7\u0259tindirs\u0259, onu qoruyub saxlamaq bir o q\u0259d\u0259r m\u0259suliyy\u0259tlidir, a\u011f\u0131rd\u0131r. M\u00fcst\u0259qil d\u00f6vl\u0259ti olmaq, m\u00fcst\u0259qil d\u00f6vl\u0259td\u0259 ya\u015famaq s\u0259ad\u0259tdir. Q\u00fcdr\u0259tli v\u0259 m\u00f6hk\u0259m d\u00f6vl\u0259t olmadan m\u00fcst\u0259qilliyi d\u0259 \u0259ld\u0259 saxlamaq m\u00fcmk\u00fcns\u00fczd\u00fcr. Be\u015f min illik d\u00f6vl\u0259t\u00e7ilik tarixin\u0259 malik olan Az\u0259rbaycan daim torpa\u011f\u0131na g\u00f6z dik\u0259n, azadl\u0131\u011f\u0131n\u0131 t\u0259hdid ed\u0259n, ona d\u00fc\u015fm\u0259n k\u0259sil\u0259n yadellil\u0259r\u0259 qar\u015f\u0131 m\u00fcbariz\u0259 apar\u0131b, \u00e7\u00fcnki bir mill\u0259tin qazana bil\u0259c\u0259yi nailiyy\u0259tl\u0259r, yaln\u0131z m\u00fcst\u0259qil d\u00f6vl\u0259t\u0259 malik olduqda m\u00fcmk\u00fcnd\u00fcr. Tariximiz azadl\u0131q, m\u00fcst\u0259qillik u\u011frunda \u00e7\u0259tin v\u0259 \u015f\u0259r\u0259fli m\u00fcbariz\u0259l\u0259rl\u0259 z\u0259ngindir. \u00d6t\u0259n \u0259srd\u0259 iki d\u0259f\u0259 d\u00f6vl\u0259t m\u00fcst\u0259qilliyini elan ed\u0259n \u00f6lk\u0259miz bu yolda minl\u0259rl\u0259 \u015f\u0259hid verib. 1918-ci il may ay\u0131n\u0131n 28-d\u0259 Az\u0259rbaycan Milli \u015euras\u0131 \u201c\u0130stiqlal B\u0259yannam\u0259si\u201dni q\u0259bul ed\u0259r\u0259k tam d\u00f6vl\u0259t hakimiyy\u0259tin\u0259 malik Az\u0259rbaycan Xalq C\u00fcmhuriyy\u0259tinin yarand\u0131\u011f\u0131n\u0131 b\u0259yan edib. M\u00fcs\u0259lman \u015e\u0259rqinin v\u0259 T\u00fcrk d\u00fcnyas\u0131n\u0131n ilk c\u00fcmhuriyy\u0259ti bir \u00e7ox xarici d\u00f6vl\u0259tl\u0259r t\u0259r\u0259find\u0259n tan\u0131n\u0131b, m\u00fcst\u0259qil d\u00f6vl\u0259tin t\u0259sisatlar\u0131 yarad\u0131l\u0131b. M\u00f6vcud oldu\u011fu m\u00fcdd\u0259t \u0259rzind\u0259 Az\u0259rbaycan Xalq C\u00fcmhuriyy\u0259ti b\u00fct\u00fcn v\u0259t\u0259nda\u015flar\u0131n\u0131 konstitusiyon h\u00fcquqlarla t\u0259min edib. Daxili qurulu\u015fundan as\u0131l\u0131 olmayaraq, b\u00fct\u00fcn \u00f6lk\u0259l\u0259rl\u0259 m\u00fcnasib\u0259tl\u0259ri faydal\u0131l\u0131q \u0259sas\u0131nda yaratma\u011fa \u00e7al\u0131\u015f\u0131b. \u00c7ox b\u00f6y\u00fck q\u00fcrur hissi il\u0259 qeyd etm\u0259liyik ki, \u00f6lk\u0259 Prezidenti, c\u0259nab \u0130lham \u018fliyevin y\u00fcr\u00fctd\u00fcy\u00fc m\u00fcdrik v\u0259 uzaqg\u00f6r\u0259n siyas\u0259t n\u0259tic\u0259sind\u0259 2020-ci il d\u00f6vl\u0259t\u00e7ilik tariximiz\u0259 q\u0131z\u0131l h\u0259rfl\u0259rl\u0259 yaz\u0131ld\u0131. Az\u0259rbaycan Respublikas\u0131n\u0131n Prezidenti, Silahl\u0131 Q\u00fcvv\u0259l\u0259rin Ali Ba\u015f Komandan\u0131, c\u0259nab \u0130lham \u018fliyevin r\u0259hb\u0259rliyi il\u0259 R\u0259\u015fad\u0259tli Ordumuz i\u015f\u011fal\u00e7\u0131 Erm\u0259nistan \u00fcz\u0259rind\u0259 m\u00f6ht\u0259\u015f\u0259m Q\u0259l\u0259b\u0259 qazanaraq xalq\u0131m\u0131z\u0131n 30 illik h\u0259sr\u0259tin\u0259 son qoydu. Ali Ba\u015f Komandan\u0131m\u0131z\u0131n d\u00fc\u015f\u00fcn\u00fclm\u00fc\u015f strategiyas\u0131, siyasi irad\u0259si v\u0259 q\u0259tiyy\u0259ti say\u0259sind\u0259 ordu il\u0259 xalq\u0131n sars\u0131lmaz birliyi t\u0259min olunaraq qazan\u0131lan tarixi Z\u0259f\u0259rd\u0259n q\u0259rin\u0259l\u0259r ke\u00e7\u0259c\u0259k, ill\u0259r \u00f6t\u0259c\u0259k, amma tarix bu \u015fanl\u0131 Q\u0259l\u0259b\u0259ni xalq\u0131m\u0131z\u0131n taleyinin \u0259n parlaq s\u0259hif\u0259si kimi he\u00e7 vaxt unutmayacaqd\u0131r. B\u00fct\u00fcn bu faktorlar, Az\u0259rbaycan\u0131n g\u00fccl\u00fc d\u00f6vl\u0259t oldu\u011funu bir daha n\u00fcmayi\u015f etdirm\u0259kl\u0259 yana\u015f\u0131, \u00f6lk\u0259mizin beyn\u0259lxalq arenada n\u00fcfuzunun g\u00fccl\u0259nm\u0259sin\u0259 \u00f6z t\u00f6hf\u0259sini verir. \u018fn \u0259sas\u0131, \u00f6lk\u0259nin ictimai-siyasi, sosial-iqtisadi, humanitar-m\u0259d\u0259niyy\u0259t h\u0259yat\u0131nda c\u0259r\u0259yan ed\u0259n g\u00fccl\u00fc inki\u015faf dinamikas\u0131 h\u0259r bir az\u0259rbaycanl\u0131n\u0131n Az\u0259rbaycan\u0131n d\u00f6vl\u0259t m\u00fcst\u0259qiliyinin daha da g\u00fccl\u0259n\u0259c\u0259yin\u0259 v\u0259 \u00fc\u00e7r\u0259ngli, m\u00fcq\u0259dd\u0259s bayra\u011f\u0131m\u0131z\u0131n \u0259b\u0259di dal\u011falanaca\u011f\u0131na olan inam\u0131n\u0131 art\u0131r\u0131r&#8230;<\/p>\n\n\n\n<p><strong>Sabit Mehdiyev,<\/strong><\/p>\n\n\n\n<p><strong>YAP <\/strong><strong>Beyl\u0259qan rayon t\u0259\u015fkilat\u0131n\u0131n m\u0259sl\u0259h\u0259t\u00e7isi<\/strong><\/p>\n","protected":false},"excerpt":{"rendered":"<p>Ya\u015fad\u0131\u011f\u0131m\u0131z yax\u0131n tarixi ke\u00e7mi\u015fd\u0259, 20-ci \u0259srin sonlar\u0131nda yenid\u0259n m\u00fcst\u0259qillik qazanmaq kimi tarixi f\u00fcrs\u0259ti \u0259ld\u0259 ed\u0259n Az\u0259rbaycan q\u0131sa vaxtdan sonra onun itirilm\u0259si t\u0259hl\u00fck\u0259si il\u0259 \u00fczl\u0259\u015fdi. \u00d6lk\u0259d\u0259 hakimiyy\u0259t b\u00f6hran\u0131 1993-c\u00fc ilin iyununda kulminasiya h\u0259ddin\u0259 \u00e7atd\u0131, xaos v\u0259 anarxiya respublikan\u0131 b\u00fcr\u00fcd\u00fc. V\u0259t\u0259nda\u015f m\u00fcharib\u0259si d\u0259r\u0259c\u0259sin\u0259 y\u00fcks\u0259lmi\u015f qar\u015f\u0131durma n\u0259inki d\u00f6vl\u0259t m\u00fcst\u0259qilliyimizi, h\u0259tta milli varl\u0131\u011f\u0131m\u0131z\u0131 bel\u0259 h\u0259d\u0259f\u0259 ald\u0131. Bel\u0259likl\u0259, 1991-1993-c\u00fc ill\u0259r&#8230;<\/p>\n","protected":false},"author":1,"featured_media":1005,"comment_status":"closed","ping_status":"closed","sticky":false,"template":"","format":"standard","meta":{"footnotes":""},"categories":[23],"tags":[],"class_list":["post-2314","post","type-post","status-publish","format-standard","has-post-thumbnail","hentry","category-gundem"],"yoast_head":"<!-- This site is optimized with the Yoast SEO plugin v21.7 - https:\/\/yoast.com\/wordpress\/plugins\/seo\/ -->\n<title>\u00d6t\u0259n m\u00fcdd\u0259t \u0259rzind\u0259 d\u00f6vl\u0259t ba\u015f\u00e7\u0131s\u0131n\u0131n r\u0259hb\u0259rliyi il\u0259 Az\u0259rbaycan siyasi, iqtisadi, sosial v\u0259 h\u0259rbi sah\u0259l\u0259rd\u0259 b\u00f6y\u00fck t\u0259r\u0259qqi \u0259ld\u0259 etmi\u015fdir - AUD\u0130TOR\u0130YA.AZ<\/title>\n<meta name=\"robots\" content=\"noindex, follow, max-snippet:-1, max-image-preview:large, max-video-preview:-1\" \/>\n<meta property=\"og:locale\" content=\"az_AZ\" \/>\n<meta property=\"og:type\" content=\"article\" \/>\n<meta property=\"og:title\" content=\"\u00d6t\u0259n m\u00fcdd\u0259t \u0259rzind\u0259 d\u00f6vl\u0259t ba\u015f\u00e7\u0131s\u0131n\u0131n r\u0259hb\u0259rliyi il\u0259 Az\u0259rbaycan siyasi, iqtisadi, sosial v\u0259 h\u0259rbi sah\u0259l\u0259rd\u0259 b\u00f6y\u00fck t\u0259r\u0259qqi \u0259ld\u0259 etmi\u015fdir - AUD\u0130TOR\u0130YA.AZ\" \/>\n<meta property=\"og:description\" content=\"Ya\u015fad\u0131\u011f\u0131m\u0131z yax\u0131n tarixi ke\u00e7mi\u015fd\u0259, 20-ci \u0259srin sonlar\u0131nda yenid\u0259n m\u00fcst\u0259qillik qazanmaq kimi tarixi f\u00fcrs\u0259ti \u0259ld\u0259 ed\u0259n Az\u0259rbaycan q\u0131sa vaxtdan sonra onun itirilm\u0259si t\u0259hl\u00fck\u0259si il\u0259 \u00fczl\u0259\u015fdi. \u00d6lk\u0259d\u0259 hakimiyy\u0259t b\u00f6hran\u0131 1993-c\u00fc ilin iyununda kulminasiya h\u0259ddin\u0259 \u00e7atd\u0131, xaos v\u0259 anarxiya respublikan\u0131 b\u00fcr\u00fcd\u00fc. V\u0259t\u0259nda\u015f m\u00fcharib\u0259si d\u0259r\u0259c\u0259sin\u0259 y\u00fcks\u0259lmi\u015f qar\u015f\u0131durma n\u0259inki d\u00f6vl\u0259t m\u00fcst\u0259qilliyimizi, h\u0259tta milli varl\u0131\u011f\u0131m\u0131z\u0131 bel\u0259 h\u0259d\u0259f\u0259 ald\u0131. Bel\u0259likl\u0259, 1991-1993-c\u00fc ill\u0259r...\" \/>\n<meta property=\"og:url\" content=\"https:\/\/auditoriya.az\/?p=2314\" \/>\n<meta property=\"og:site_name\" content=\"AUD\u0130TOR\u0130YA.AZ\" \/>\n<meta property=\"article:published_time\" content=\"2024-11-16T07:52:33+00:00\" \/>\n<meta property=\"article:modified_time\" content=\"2024-11-16T07:52:54+00:00\" \/>\n<meta property=\"og:image\" content=\"https:\/\/auditoriya.az\/wp-content\/uploads\/2024\/02\/Sabit-Mehdiyev.jpg\" \/>\n\t<meta property=\"og:image:width\" content=\"644\" \/>\n\t<meta property=\"og:image:height\" content=\"443\" \/>\n\t<meta property=\"og:image:type\" content=\"image\/jpeg\" \/>\n<meta name=\"author\" content=\"admin\" \/>\n<meta name=\"twitter:card\" content=\"summary_large_image\" \/>\n<meta name=\"twitter:label1\" content=\"Written by\" \/>\n\t<meta name=\"twitter:data1\" content=\"admin\" \/>\n\t<meta name=\"twitter:label2\" content=\"Est. reading time\" \/>\n\t<meta name=\"twitter:data2\" content=\"8 minutes\" \/>\n<script type=\"application\/ld+json\" class=\"yoast-schema-graph\">{\"@context\":\"https:\/\/schema.org\",\"@graph\":[{\"@type\":\"WebPage\",\"@id\":\"https:\/\/auditoriya.az\/?p=2314\",\"url\":\"https:\/\/auditoriya.az\/?p=2314\",\"name\":\"\u00d6t\u0259n m\u00fcdd\u0259t \u0259rzind\u0259 d\u00f6vl\u0259t ba\u015f\u00e7\u0131s\u0131n\u0131n r\u0259hb\u0259rliyi il\u0259 Az\u0259rbaycan siyasi, iqtisadi, sosial v\u0259 h\u0259rbi sah\u0259l\u0259rd\u0259 b\u00f6y\u00fck t\u0259r\u0259qqi \u0259ld\u0259 etmi\u015fdir - AUD\u0130TOR\u0130YA.AZ\",\"isPartOf\":{\"@id\":\"https:\/\/auditoriya.az\/#website\"},\"datePublished\":\"2024-11-16T07:52:33+00:00\",\"dateModified\":\"2024-11-16T07:52:54+00:00\",\"author\":{\"@id\":\"https:\/\/auditoriya.az\/#\/schema\/person\/ac4ea1d12bf25b1e864c62335d7e0053\"},\"breadcrumb\":{\"@id\":\"https:\/\/auditoriya.az\/?p=2314#breadcrumb\"},\"inLanguage\":\"az\",\"potentialAction\":[{\"@type\":\"ReadAction\",\"target\":[\"https:\/\/auditoriya.az\/?p=2314\"]}]},{\"@type\":\"BreadcrumbList\",\"@id\":\"https:\/\/auditoriya.az\/?p=2314#breadcrumb\",\"itemListElement\":[{\"@type\":\"ListItem\",\"position\":1,\"name\":\"Home\",\"item\":\"https:\/\/auditoriya.az\/\"},{\"@type\":\"ListItem\",\"position\":2,\"name\":\"\u00d6t\u0259n m\u00fcdd\u0259t \u0259rzind\u0259 d\u00f6vl\u0259t ba\u015f\u00e7\u0131s\u0131n\u0131n r\u0259hb\u0259rliyi il\u0259 Az\u0259rbaycan siyasi, iqtisadi, sosial v\u0259 h\u0259rbi sah\u0259l\u0259rd\u0259 b\u00f6y\u00fck t\u0259r\u0259qqi \u0259ld\u0259 etmi\u015fdir\"}]},{\"@type\":\"WebSite\",\"@id\":\"https:\/\/auditoriya.az\/#website\",\"url\":\"https:\/\/auditoriya.az\/\",\"name\":\"AUD\u0130TOR\u0130YA.AZ\",\"description\":\"X\u0259b\u0259rl\u0259rin geni\u015f auditoriyas\u0131\",\"potentialAction\":[{\"@type\":\"SearchAction\",\"target\":{\"@type\":\"EntryPoint\",\"urlTemplate\":\"https:\/\/auditoriya.az\/?s={search_term_string}\"},\"query-input\":\"required name=search_term_string\"}],\"inLanguage\":\"az\"},{\"@type\":\"Person\",\"@id\":\"https:\/\/auditoriya.az\/#\/schema\/person\/ac4ea1d12bf25b1e864c62335d7e0053\",\"name\":\"admin\",\"sameAs\":[\"https:\/\/auditoriya.az\"],\"url\":\"https:\/\/auditoriya.az\/?author=1\"}]}<\/script>\n<!-- \/ Yoast SEO plugin. -->","yoast_head_json":{"title":"\u00d6t\u0259n m\u00fcdd\u0259t \u0259rzind\u0259 d\u00f6vl\u0259t ba\u015f\u00e7\u0131s\u0131n\u0131n r\u0259hb\u0259rliyi il\u0259 Az\u0259rbaycan siyasi, iqtisadi, sosial v\u0259 h\u0259rbi sah\u0259l\u0259rd\u0259 b\u00f6y\u00fck t\u0259r\u0259qqi \u0259ld\u0259 etmi\u015fdir - AUD\u0130TOR\u0130YA.AZ","robots":{"index":"noindex","follow":"follow","max-snippet":"max-snippet:-1","max-image-preview":"max-image-preview:large","max-video-preview":"max-video-preview:-1"},"og_locale":"az_AZ","og_type":"article","og_title":"\u00d6t\u0259n m\u00fcdd\u0259t \u0259rzind\u0259 d\u00f6vl\u0259t ba\u015f\u00e7\u0131s\u0131n\u0131n r\u0259hb\u0259rliyi il\u0259 Az\u0259rbaycan siyasi, iqtisadi, sosial v\u0259 h\u0259rbi sah\u0259l\u0259rd\u0259 b\u00f6y\u00fck t\u0259r\u0259qqi \u0259ld\u0259 etmi\u015fdir - AUD\u0130TOR\u0130YA.AZ","og_description":"Ya\u015fad\u0131\u011f\u0131m\u0131z yax\u0131n tarixi ke\u00e7mi\u015fd\u0259, 20-ci \u0259srin sonlar\u0131nda yenid\u0259n m\u00fcst\u0259qillik qazanmaq kimi tarixi f\u00fcrs\u0259ti \u0259ld\u0259 ed\u0259n Az\u0259rbaycan q\u0131sa vaxtdan sonra onun itirilm\u0259si t\u0259hl\u00fck\u0259si il\u0259 \u00fczl\u0259\u015fdi. \u00d6lk\u0259d\u0259 hakimiyy\u0259t b\u00f6hran\u0131 1993-c\u00fc ilin iyununda kulminasiya h\u0259ddin\u0259 \u00e7atd\u0131, xaos v\u0259 anarxiya respublikan\u0131 b\u00fcr\u00fcd\u00fc. V\u0259t\u0259nda\u015f m\u00fcharib\u0259si d\u0259r\u0259c\u0259sin\u0259 y\u00fcks\u0259lmi\u015f qar\u015f\u0131durma n\u0259inki d\u00f6vl\u0259t m\u00fcst\u0259qilliyimizi, h\u0259tta milli varl\u0131\u011f\u0131m\u0131z\u0131 bel\u0259 h\u0259d\u0259f\u0259 ald\u0131. Bel\u0259likl\u0259, 1991-1993-c\u00fc ill\u0259r...","og_url":"https:\/\/auditoriya.az\/?p=2314","og_site_name":"AUD\u0130TOR\u0130YA.AZ","article_published_time":"2024-11-16T07:52:33+00:00","article_modified_time":"2024-11-16T07:52:54+00:00","og_image":[{"width":644,"height":443,"url":"https:\/\/auditoriya.az\/wp-content\/uploads\/2024\/02\/Sabit-Mehdiyev.jpg","type":"image\/jpeg"}],"author":"admin","twitter_card":"summary_large_image","twitter_misc":{"Written by":"admin","Est. reading time":"8 minutes"},"schema":{"@context":"https:\/\/schema.org","@graph":[{"@type":"WebPage","@id":"https:\/\/auditoriya.az\/?p=2314","url":"https:\/\/auditoriya.az\/?p=2314","name":"\u00d6t\u0259n m\u00fcdd\u0259t \u0259rzind\u0259 d\u00f6vl\u0259t ba\u015f\u00e7\u0131s\u0131n\u0131n r\u0259hb\u0259rliyi il\u0259 Az\u0259rbaycan siyasi, iqtisadi, sosial v\u0259 h\u0259rbi sah\u0259l\u0259rd\u0259 b\u00f6y\u00fck t\u0259r\u0259qqi \u0259ld\u0259 etmi\u015fdir - AUD\u0130TOR\u0130YA.AZ","isPartOf":{"@id":"https:\/\/auditoriya.az\/#website"},"datePublished":"2024-11-16T07:52:33+00:00","dateModified":"2024-11-16T07:52:54+00:00","author":{"@id":"https:\/\/auditoriya.az\/#\/schema\/person\/ac4ea1d12bf25b1e864c62335d7e0053"},"breadcrumb":{"@id":"https:\/\/auditoriya.az\/?p=2314#breadcrumb"},"inLanguage":"az","potentialAction":[{"@type":"ReadAction","target":["https:\/\/auditoriya.az\/?p=2314"]}]},{"@type":"BreadcrumbList","@id":"https:\/\/auditoriya.az\/?p=2314#breadcrumb","itemListElement":[{"@type":"ListItem","position":1,"name":"Home","item":"https:\/\/auditoriya.az\/"},{"@type":"ListItem","position":2,"name":"\u00d6t\u0259n m\u00fcdd\u0259t \u0259rzind\u0259 d\u00f6vl\u0259t ba\u015f\u00e7\u0131s\u0131n\u0131n r\u0259hb\u0259rliyi il\u0259 Az\u0259rbaycan siyasi, iqtisadi, sosial v\u0259 h\u0259rbi sah\u0259l\u0259rd\u0259 b\u00f6y\u00fck t\u0259r\u0259qqi \u0259ld\u0259 etmi\u015fdir"}]},{"@type":"WebSite","@id":"https:\/\/auditoriya.az\/#website","url":"https:\/\/auditoriya.az\/","name":"AUD\u0130TOR\u0130YA.AZ","description":"X\u0259b\u0259rl\u0259rin geni\u015f auditoriyas\u0131","potentialAction":[{"@type":"SearchAction","target":{"@type":"EntryPoint","urlTemplate":"https:\/\/auditoriya.az\/?s={search_term_string}"},"query-input":"required name=search_term_string"}],"inLanguage":"az"},{"@type":"Person","@id":"https:\/\/auditoriya.az\/#\/schema\/person\/ac4ea1d12bf25b1e864c62335d7e0053","name":"admin","sameAs":["https:\/\/auditoriya.az"],"url":"https:\/\/auditoriya.az\/?author=1"}]}},"post_mailing_queue_ids":[],"_links":{"self":[{"href":"https:\/\/auditoriya.az\/index.php?rest_route=\/wp\/v2\/posts\/2314","targetHints":{"allow":["GET"]}}],"collection":[{"href":"https:\/\/auditoriya.az\/index.php?rest_route=\/wp\/v2\/posts"}],"about":[{"href":"https:\/\/auditoriya.az\/index.php?rest_route=\/wp\/v2\/types\/post"}],"author":[{"embeddable":true,"href":"https:\/\/auditoriya.az\/index.php?rest_route=\/wp\/v2\/users\/1"}],"replies":[{"embeddable":true,"href":"https:\/\/auditoriya.az\/index.php?rest_route=%2Fwp%2Fv2%2Fcomments&post=2314"}],"version-history":[{"count":1,"href":"https:\/\/auditoriya.az\/index.php?rest_route=\/wp\/v2\/posts\/2314\/revisions"}],"predecessor-version":[{"id":2315,"href":"https:\/\/auditoriya.az\/index.php?rest_route=\/wp\/v2\/posts\/2314\/revisions\/2315"}],"wp:featuredmedia":[{"embeddable":true,"href":"https:\/\/auditoriya.az\/index.php?rest_route=\/wp\/v2\/media\/1005"}],"wp:attachment":[{"href":"https:\/\/auditoriya.az\/index.php?rest_route=%2Fwp%2Fv2%2Fmedia&parent=2314"}],"wp:term":[{"taxonomy":"category","embeddable":true,"href":"https:\/\/auditoriya.az\/index.php?rest_route=%2Fwp%2Fv2%2Fcategories&post=2314"},{"taxonomy":"post_tag","embeddable":true,"href":"https:\/\/auditoriya.az\/index.php?rest_route=%2Fwp%2Fv2%2Ftags&post=2314"}],"curies":[{"name":"wp","href":"https:\/\/api.w.org\/{rel}","templated":true}]}}